{"id":610,"date":"2013-06-13T00:24:27","date_gmt":"2013-06-13T00:24:27","guid":{"rendered":""},"modified":"-0001-11-30T00:00:00","modified_gmt":"-0001-11-29T22:00:00","slug":"","status":"publish","type":"post","link":"http:\/\/www.chapelle-crecy.com\/?p=610","title":{"rendered":"P\u00e9lerinage des P\u00e8res de famille de Seine-et-Marne"},"content":{"rendered":"<div align=\"justify\">\nBonjour \u00e0\u00a0 Tous,<br \/>\nNous vous rappelons que la 5\u00e8me edition de votre P\u00e8lerinage des P\u00e8res de famille (PPF) aura lieu du 28 au 30 juin 2013.<br \/>\nPour tout ceux qui h\u00e9sitent \u00e0\u00a0 s&rsquo;inscrire au PPF, voici 3 bonnes raisons de renvoyer au plus vite leur bulletin d&rsquo;inscription&#8230;<\/div>\n<div align=\"justify\">\n Nous sommes tous happ\u00e9s par notre vie professionnelle. Les journ\u00e9es d\u00e9filent, les semaines se succ\u00e8dent, les ann\u00e9es passent. Mais prenons nous le temps de nous arr\u00eater,  de faire le point, . En Participant au PPF, je prends 2 jours pour moi, pour me d\u00e9tacher des sollicitations ext\u00e9rieures afin de me tourner vers Dieu et recentrer ma vie sur ce qui compte vraiment : ma foi, mon couple et ma famille.<br \/>\n Mes enfants grandissent, ma famille s&rsquo;agrandit, ma vie de couple \u00e9volue&#8230; mais suis-je un bon mari, un p\u00e8re attentif, un mod\u00e8le pour mes enfants ou mes petits enfants? En marchant sur les routes du PPF, je confie mon couple, ma famille \u00e0 Saint Jospeh, j&rsquo;\u00e9change avec d&rsquo;autres p\u00e8res<br \/>\n Le PPF est une d\u00e9marche de conversion vers le Christ. Pendant 2 jours, je quitte ma famille, je me d\u00e9pouille des conforts de la vie urbaine, je vais au d\u00e9sert. Par l&rsquo;effort de la marche, la vie fraternelle, la nourriture sacramentale, l&rsquo;adoration Eucharistique, je m&rsquo;offre au Christ.<\/p>\n<p> Pour vous inscrire rendez-vous \u00e0 l&rsquo;adresse suivante [http:\/\/www.ppf-idf.afc-melun.org\/accueil->http:\/\/www.ppf-idf.afc-melun.org\/accueil] ou en renvoyant le bulletin d&rsquo;inscription en pi\u00e8ce jointe.<\/p>\n<div align=\"center\"><img decoding=\"async\" src=\"\/IMG\/jpg\/pere-de-famille.jpg\n\" width=450><\/div>\n<p> Afin de nous permettre une meilleure organisation nous avons besoin de connaitre au plus t\u00f4t le nombre de p\u00e8lerins. Merci donc  de vous inscrire le plus rapidement possible.<\/p>\n<p> Pour ceux qui ne pourront se joindre \u00e0 nous, vous pouvez laisser une intention de pri\u00e8re sur le site du p\u00e8lerinage. Nous la porterons devant le Seigneur tout au long de notre P\u00e8lerinage et plus particuli\u00e8rement lors de la Veill\u00e9e d&rsquo;Adoration.<\/p>\n<p> Pour finir ce p\u00e8lerinage est ouvert \u00e0 tous, alors parlez en autour de vous, diffusez le bulletin d&rsquo;inscription. Nous vous joignons \u00e9galement un mod\u00e8le d&rsquo;annonce \u00e0 faire passer dans vos journaux paroissiaux ou \u00e0 faire en fin de messe. Nous tenons \u00e9galement \u00e0 votre disposition des affiches et des d\u00e9pliants.<\/p>\n<p> L&rsquo;\u00e9quipe organisatrice :<br \/>\nDenis, Jos\u00e9, R\u00e9mi, Charles-Antoine, P\u00e8re Lemoine, Fr\u00e9d\u00e9ric, Jean-Baptiste, Nicolas, David, R\u00e9my.<\/p><\/div>\n","protected":false},"excerpt":{"rendered":"<p>Bonjour \u00e0\u00a0 Tous, Nous vous rappelons que la 5\u00e8me edition de votre P\u00e8lerinage des P\u00e8res de famille (PPF) aura lieu du 28 au 30 juin 2013. Pour tout ceux qui h\u00e9sitent \u00e0\u00a0 s&rsquo;inscrire au&#46;&#46;&#46;<\/p>\n","protected":false},"author":2,"featured_media":0,"comment_status":"open","ping_status":"open","sticky":false,"template":"","format":"standard","meta":{"footnotes":""},"categories":[],"tags":[],"class_list":["post-610","post","type-post","status-publish","format-standard","hentry"],"_links":{"self":[{"href":"http:\/\/www.chapelle-crecy.com\/index.php?rest_route=\/wp\/v2\/posts\/610","targetHints":{"allow":["GET"]}}],"collection":[{"href":"http:\/\/www.chapelle-crecy.com\/index.php?rest_route=\/wp\/v2\/posts"}],"about":[{"href":"http:\/\/www.chapelle-crecy.com\/index.php?rest_route=\/wp\/v2\/types\/post"}],"author":[{"embeddable":true,"href":"http:\/\/www.chapelle-crecy.com\/index.php?rest_route=\/wp\/v2\/users\/2"}],"replies":[{"embeddable":true,"href":"http:\/\/www.chapelle-crecy.com\/index.php?rest_route=%2Fwp%2Fv2%2Fcomments&post=610"}],"version-history":[{"count":0,"href":"http:\/\/www.chapelle-crecy.com\/index.php?rest_route=\/wp\/v2\/posts\/610\/revisions"}],"wp:attachment":[{"href":"http:\/\/www.chapelle-crecy.com\/index.php?rest_route=%2Fwp%2Fv2%2Fmedia&parent=610"}],"wp:term":[{"taxonomy":"category","embeddable":true,"href":"http:\/\/www.chapelle-crecy.com\/index.php?rest_route=%2Fwp%2Fv2%2Fcategories&post=610"},{"taxonomy":"post_tag","embeddable":true,"href":"http:\/\/www.chapelle-crecy.com\/index.php?rest_route=%2Fwp%2Fv2%2Ftags&post=610"}],"curies":[{"name":"wp","href":"https:\/\/api.w.org\/{rel}","templated":true}]}}