{"id":612,"date":"2013-06-18T17:02:33","date_gmt":"2013-06-18T17:02:33","guid":{"rendered":""},"modified":"-0001-11-30T00:00:00","modified_gmt":"-0001-11-29T22:00:00","slug":"","status":"publish","type":"post","link":"http:\/\/www.chapelle-crecy.com\/?p=612","title":{"rendered":"Messe de 1\u00e8re Communion 2013"},"content":{"rendered":"<p>Toute premi\u00e8re FOI !<\/p>\n<p>C&rsquo;est toujours avec la m\u00eame joie que la Coll\u00e9giale Notre-Dame-de-l&rsquo;Assomption accueille des enfants \u00e0\u00a0 une \u00e9tape importante de leur parcours de foi. Deux semaines auparavant, c&rsquo;\u00e9tait la messe de Profession de Foi de 17 enfants, dont nous avons d\u00e9j\u00e0\u00a0 relat\u00e9 l&rsquo;\u00e9v\u00e8nement sur ce site. Dimanche 2 juin, ce fut pour 8 enfants du secteur de participer pour la premi\u00e8re fois \u00e0\u00a0 l&rsquo;Eucharistie (Consulter l&rsquo;album souvenir par le lien : <br \/>\n[Premiere-Communion-Coll\u00e9giale-02Juin2013->https:\/\/picasaweb.google.com\/100406574844511086142\/PremiereCommunionCollegiale02Juin2013?authkey=Gv1sRgCObjipXCybSTaA&#038;feat=email#])<\/p>\n<div align=\"justify\">Premi\u00e8re communion en ce premier dimanche de juin, presque le premier dimanche, depuis bien longtemps, \u00ab inond\u00e9 \u00bb par un soleil radieux dont on a oubli\u00e9 ses bienfaits. Un autre rayon de lumi\u00e8re va plus tard, dans la matin\u00e9e, inonder de bonheur et de joie les huit enfants pr\u00e9sents pr\u00e8s de l&rsquo;autel, en r\u00e9alit\u00e9 dix, car deux d&rsquo;entre eux ont d\u00e9j\u00e0  fait leur 1\u00e8re communion. En effet, pour la 1\u00e8re fois sur la paroisse des trois clochers, trois dates sont propos\u00e9es aux enfants qui d\u00e9sirent faire leur premi\u00e8re communion. Ce fut le cas de Titouan le dimanche 6 janvier et de Florian le dimanche de P\u00e2ques. <\/p>\n<p>Une messe sous le signe de la nourriture. <br \/>\nAu \u00ab menu \u00bb des lectures,  les versets 18 \u00e0 20 du chapitre 4 de la Gen\u00e8se o\u00f9, pour rendre  gr\u00e2ce au Seigneur, Abraham va vers le grand pr\u00eatre Melkis\u00e9dek, roi de Salem, qui offre \u00e0 Dieu le pain et le vin ; ensuite la 1\u00e8re lettre de saint Paul Ap\u00f4tre aux Corinthiens (II, 23-26, partie appel\u00e9 Institution de l&rsquo;Eucharistie) o\u00f9 les plus essentielles paroles du Christ sont \u00e9nonc\u00e9es : \u00ab Ceci est mon corps, qui est pour vous. Faites cela en m\u00e9moire de moi. \u00bb  puis \u00ab Cette coupe est la nouvelle Alliance en mon sang. Chaque fois que vous en boirez, faites cela en m\u00e9moire de moi. \u00bb  <br \/>\nEn ce jour de la Solennit\u00e9 du Saint Sacrement, la liturgie nous offre en \u00ab suppl\u00e9ment \u00bb une s\u00e9quence o\u00f9 l&rsquo;on d\u00e9couvre tout le myst\u00e8re et toute la force de la pr\u00e9sence du Christ dans l&rsquo;Eucharistie : \u00ab Il est pr\u00e9sent dans un fragment aussi bien que dans le tout \u00bb. Avant l&rsquo;hom\u00e9lie du p\u00e8re Aim\u00e9, l&rsquo;Evangile de la multiplication du pain par J\u00e9sus (Luc, 9, 11b-17) nous met l&rsquo;eau \u00e0 la bouche et nous rassasie avec cet \u00e9v\u00e8nement, o\u00f9 cinq pains et deux poissons remplissent douze paniers, nourrissant ainsi cinq mlle hommes. Nous sommes un peu moins nombreux ce dimanche \u00e0 la Coll\u00e9giale, mais c&rsquo;est la m\u00eame nourriture de Vie qui nous est propos\u00e9e par notre Seigneur, \u00e0 travers les mots du p\u00e8re Aim\u00e9 lors de son hom\u00e9lie. Une nourriture \u00e9ternelle, essentielle, avec la rencontre r\u00e9elle du Christ, dont les huit enfants pr\u00e9sents \u00ab go\u00fbtent \u00bb sa force et puissance pour la 1\u00e8re fois, des mains du p\u00e8re Aim\u00e9 et du p\u00e8re Herv\u00e9 Ponsot, membre de la famille d&rsquo;un des premiers communiants.<br \/>\nLa messe a \u00e9t\u00e9 l&rsquo;occasion aussi d&rsquo;une action de gr\u00e2ce pour les 50 ans de mariage de Christiane et Claude Catau, t\u00e9moins de la solidit\u00e9 du lien de sacrement du mariage, devant ces enfants d\u00e9couvrant celui de l&rsquo;Eucharistie. Qu&rsquo;ils soient fid\u00e8les \u00e0 cette premi\u00e8re rencontre, \u00e0 l&rsquo;image de la fid\u00e9lit\u00e9 de Christiane et Claude, f\u00eatant leurs noces d&rsquo;or, t\u00e9moignage de la pr\u00e9sence du Christ dans chacune de nos vies, rappelant l&rsquo;\u00e9pisode des \u00ab noces de Cana \u00bb. <\/p>\n<p>Thierry BRIANE.<\/p><\/div>\n","protected":false},"excerpt":{"rendered":"<p>Toute premi\u00e8re FOI ! C&rsquo;est toujours avec la m\u00eame joie que la Coll\u00e9giale Notre-Dame-de-l&rsquo;Assomption accueille des enfants \u00e0\u00a0 une \u00e9tape importante de leur parcours de foi. Deux semaines auparavant, c&rsquo;\u00e9tait la messe de Profession&#46;&#46;&#46;<\/p>\n","protected":false},"author":2,"featured_media":0,"comment_status":"open","ping_status":"open","sticky":false,"template":"","format":"standard","meta":{"footnotes":""},"categories":[],"tags":[],"class_list":["post-612","post","type-post","status-publish","format-standard","hentry"],"_links":{"self":[{"href":"http:\/\/www.chapelle-crecy.com\/index.php?rest_route=\/wp\/v2\/posts\/612","targetHints":{"allow":["GET"]}}],"collection":[{"href":"http:\/\/www.chapelle-crecy.com\/index.php?rest_route=\/wp\/v2\/posts"}],"about":[{"href":"http:\/\/www.chapelle-crecy.com\/index.php?rest_route=\/wp\/v2\/types\/post"}],"author":[{"embeddable":true,"href":"http:\/\/www.chapelle-crecy.com\/index.php?rest_route=\/wp\/v2\/users\/2"}],"replies":[{"embeddable":true,"href":"http:\/\/www.chapelle-crecy.com\/index.php?rest_route=%2Fwp%2Fv2%2Fcomments&post=612"}],"version-history":[{"count":0,"href":"http:\/\/www.chapelle-crecy.com\/index.php?rest_route=\/wp\/v2\/posts\/612\/revisions"}],"wp:attachment":[{"href":"http:\/\/www.chapelle-crecy.com\/index.php?rest_route=%2Fwp%2Fv2%2Fmedia&parent=612"}],"wp:term":[{"taxonomy":"category","embeddable":true,"href":"http:\/\/www.chapelle-crecy.com\/index.php?rest_route=%2Fwp%2Fv2%2Fcategories&post=612"},{"taxonomy":"post_tag","embeddable":true,"href":"http:\/\/www.chapelle-crecy.com\/index.php?rest_route=%2Fwp%2Fv2%2Ftags&post=612"}],"curies":[{"name":"wp","href":"https:\/\/api.w.org\/{rel}","templated":true}]}}