{"id":613,"date":"2013-06-23T20:46:02","date_gmt":"2013-06-23T20:46:02","guid":{"rendered":""},"modified":"-0001-11-30T00:00:00","modified_gmt":"-0001-11-29T22:00:00","slug":"","status":"publish","type":"post","link":"http:\/\/www.chapelle-crecy.com\/?p=613","title":{"rendered":"Annonces de la semaine du 24 au 30 juin 2013"},"content":{"rendered":"<table bgcolor =\"F0FAFF\" border=0>\n<tbody>\n<tr>\n<td>\n<div align=\"justify\">\n<div \"551\">Voici les annonces de la semaine du lundi 24 au dimanche 30 juin pour la paroisse des 3 clochers Cr\u00e9cy-la-Chapelle, Villiers-sur-Morin, Voulangis. <br \/>\nDimanche 30 \u00e0\u00a0 10 h 30 messe \u00e0\u00a0 Cr\u00e9cy. Tous les d\u00e9tails dans la suite &#8230;<\/div>\n<\/div>\n<\/td>\n<\/tr>\n<\/tbody>\n<\/table>\n<table bgcolor =\"F0F6FF\" border=0>\n<tbody>\n<tr>\n<td width=\"25%\"><font color=\"00CC00\">Lundi 24 juin<\/font><\/td>\n<td><font color=\"00CC00\">17 h &#8211;  Messe \u00e0 la Maison de Retraite<\/font><\/td>\n<td><font color=\"00CC00\">20 h  R\u00e9union des Responsables en Cat\u00e9ch\u00e8se du P\u00f4le de Meaux \u00e0 la salle paroissiale<br \/>\n<\/font><\/td>\n<\/tr>\n<tr>\n<td width=\"25%\"><font color=\"0020FF\">Mardi 25 juin<\/font><\/td>\n<td><font color=\"0020FF\">18 h &#8211; Messe \u00e0 Cr\u00e9cy pour  Simone GIGOT  et Marie-Th\u00e9r\u00e8se VERNILLET.<\/font><\/td>\n<td><font color=\"0020FF\"><\/p>\n<div align=\"center\"><img decoding=\"async\" src=\"\/IMG\/lieux\/lourdes02.jpg\" width=150 ><\/div>\n<p><\/font><\/td>\n<\/tr>\n<tr>\n<td width=\"25%\"><font color=\"802020\">Mercredi 26 juin<\/font><\/td>\n<td><font color=\"802020\"><\/p>\n<div align=\"center\"><img decoding=\"async\" src=\"\/IMG\/lieux\/lourdes04.jpg\" width=150 ><\/div>\n<p><\/font><\/td>\n<td><font color=\"802020\">18 h  Messe \u00e0 Cr\u00e9cy pour Georges PICARD et Fabrice GAUTHIER.<\/font><\/td>\n<\/tr>\n<tr>\n<td><font color=\"00CC00\">Jeudi 27 juin<\/font><\/td>\n<td><font color=\"00CC00\">18  h  Messe \u00e0 Cr\u00e9cy pour Jean BEGUIN et Ghislaine DEBRABANDER.<font><\/td>\n<td><font color=\"00CC00\"><\/p>\n<div align=\"center\"><img decoding=\"async\" src=\"\/IMG\/lieux\/lourdes05.jpg\" width=150 ><\/div>\n<p><font><\/td>\n<\/tr>\n<tr>\n<td><font color=\"802020\">Vendredi 28 juin<\/font><\/td>\n<td><font color=\"802020\"><\/p>\n<div align=\"center\"><img decoding=\"async\" src=\"\/IMG\/lieux\/lourdes06.jpg\" width=150 ><\/div>\n<p><font><\/td>\n<td><font color=\"802020\">9 h  Messe \u00e0 Cr\u00e9cy pour Maurice CAUGNE et Stanislas WALTER.<font><\/td>\n<\/tr>\n<tr>\n<td><font color=\"0020FF\">Samedi 29 juin<\/font><\/td>\n<td><font color=\"0020FF\">&#8211;    de 10 h 30 \u00e0 12 h  R\u00e9union de l&rsquo;\u00e9quipe \u00ab Jeunes T\u00e9moins \u00bb du MEJ<\/font><\/td>\n<td><font color=\"0020FF\">18 h 30 &#8211;  Messe \u00e0 Voulangis pour Marcel DEBORD et Sarah MOURGUES. Nous c\u00e9l\u00e8brerons \u00e9galement le Bapt\u00eame d&rsquo;<br \/>\n Ambre BALTUS<br \/>\n<font><\/td>\n<\/tr>\n<tr>\n<td><font color=\"00CC00\">Dimanche 30 juin<\/font><\/td>\n<td><font color=\"00CC00\">Messe \u00e0 Cr\u00e9cy pour  Pierre BEAUMONT et  Nicole<br \/>\nDELLA NEGRA.<br \/> Nous c\u00e9l\u00e8brerons aussi le Bapt\u00eame de Rose MATEOS et<br \/>\nLaetitia DEUDOFA<br \/>\n<\/font><\/td>\n<td><font color=\"00CC00\"><\/p>\n<div align=\"center\"><img decoding=\"async\" src=\"\/IMG\/lieux\/stgeorges05.jpg\" width=150 ><\/div>\n<p><font><\/td>\n<\/div>\n<p><\/font><\/td>\n<\/tr>\n<\/tbody>\n<\/table>\n","protected":false},"excerpt":{"rendered":"<p>Voici les annonces de la semaine du lundi 24 au dimanche 30 juin pour la paroisse des 3 clochers Cr\u00e9cy-la-Chapelle, Villiers-sur-Morin, Voulangis. Dimanche 30 \u00e0\u00a0 10 h 30 messe \u00e0\u00a0 Cr\u00e9cy. Tous les d\u00e9tails&#46;&#46;&#46;<\/p>\n","protected":false},"author":2,"featured_media":0,"comment_status":"open","ping_status":"open","sticky":false,"template":"","format":"standard","meta":{"footnotes":""},"categories":[],"tags":[],"class_list":["post-613","post","type-post","status-publish","format-standard","hentry"],"_links":{"self":[{"href":"http:\/\/www.chapelle-crecy.com\/index.php?rest_route=\/wp\/v2\/posts\/613","targetHints":{"allow":["GET"]}}],"collection":[{"href":"http:\/\/www.chapelle-crecy.com\/index.php?rest_route=\/wp\/v2\/posts"}],"about":[{"href":"http:\/\/www.chapelle-crecy.com\/index.php?rest_route=\/wp\/v2\/types\/post"}],"author":[{"embeddable":true,"href":"http:\/\/www.chapelle-crecy.com\/index.php?rest_route=\/wp\/v2\/users\/2"}],"replies":[{"embeddable":true,"href":"http:\/\/www.chapelle-crecy.com\/index.php?rest_route=%2Fwp%2Fv2%2Fcomments&post=613"}],"version-history":[{"count":0,"href":"http:\/\/www.chapelle-crecy.com\/index.php?rest_route=\/wp\/v2\/posts\/613\/revisions"}],"wp:attachment":[{"href":"http:\/\/www.chapelle-crecy.com\/index.php?rest_route=%2Fwp%2Fv2%2Fmedia&parent=613"}],"wp:term":[{"taxonomy":"category","embeddable":true,"href":"http:\/\/www.chapelle-crecy.com\/index.php?rest_route=%2Fwp%2Fv2%2Fcategories&post=613"},{"taxonomy":"post_tag","embeddable":true,"href":"http:\/\/www.chapelle-crecy.com\/index.php?rest_route=%2Fwp%2Fv2%2Ftags&post=613"}],"curies":[{"name":"wp","href":"https:\/\/api.w.org\/{rel}","templated":true}]}}