{"id":614,"date":"2013-06-29T19:34:21","date_gmt":"2013-06-29T19:34:21","guid":{"rendered":""},"modified":"-0001-11-30T00:00:00","modified_gmt":"-0001-11-29T22:00:00","slug":"","status":"publish","type":"post","link":"http:\/\/www.chapelle-crecy.com\/?p=614","title":{"rendered":"Annonces de la semaine du 1er au 7 juillet 2013"},"content":{"rendered":"<table bgcolor =\"F0FAFF\" border=0>\n<tbody>\n<tr>\n<td>\n<div align=\"justify\">\n<div \"552\">Voici les annonces de la semaine du lundi 1er au dimanche 7 juillet 2013 pour la paroisse des 3 clochers Cr\u00e9cy-la-Chapelle, Villiers-sur-Morin, Voulangis. <br \/>\nEn juillet et aout pas de messe le samedi. <br \/>\nDimanche 7 \u00e0\u00a0 10 h 30 messe \u00e0\u00a0 Cr\u00e9cy. Tous les d\u00e9tails dans la suite &#8230;<\/div>\n<\/div>\n<\/td>\n<\/tr>\n<\/tbody>\n<\/table>\n<table bgcolor =\"F0F6FF\" border=0>\n<tbody>\n<tr>\n<td width=\"25%\"><font color=\"00CC00\">Lundi 1er juillet<\/font><\/td>\n<td><font color=\"00CC00\">14h30 &#8211; R\u00e9union de l&rsquo;Equipe du Rosaire chez Mme LOUIS<br \/>\n17 h &#8211; Messe \u00e0 la Maison de retraite.<\/font><\/td>\n<td><font color=\"00CC00\">20h30 &#8211; Adoration \u00e0 la Chapelle de la Vierge.<\/font><\/td>\n<\/tr>\n<tr>\n<td width=\"25%\"><font color=\"0020FF\">Mardi 2 juillet<\/font><\/td>\n<td><font color=\"0020FF\">18 h &#8211; Messe pour Marie-Louise TILLY et Violette CHILLY.<\/font><\/td>\n<td><font color=\"0020FF\"><\/p>\n<div align=\"center\"><img decoding=\"async\" src=\"\/IMG\/jpg\/anne1.jpg\" width=150 ><\/div>\n<p><\/font><\/td>\n<\/tr>\n<tr>\n<td width=\"25%\"><font color=\"802020\">Mercredi 3 juillet<\/font><\/td>\n<td><font color=\"802020\"><\/p>\n<div align=\"center\"><img decoding=\"async\" src=\"\/IMG\/jpg\/verdelot.jpg\" width=150 ><\/div>\n<p><\/font><\/td>\n<td><font color=\"802020\">18 h  Messe \u00e0 Cr\u00e9cy pour Julien DESHAYES et Marcel COTTARD.<\/font><\/td>\n<\/tr>\n<tr>\n<td><font color=\"00CC00\">Jeudi 4 juillet<\/font><\/td>\n<td><font color=\"00CC00\">9h  Messe \u00e0 Cr\u00e9cy pour Emile et Henriette RONDEL.<font><\/td>\n<td><font color=\"00CC00\"><\/p>\n<div align=\"center\"><img decoding=\"async\" src=\"\/IMG\/jpg\/stmichel04.jpg\" width=150 ><\/div>\n<p><font><\/td>\n<\/tr>\n<tr>\n<td><font color=\"802020\">Vendredi 5 juillet<\/font><\/td>\n<td><font color=\"802020\"><\/p>\n<div align=\"center\"><img decoding=\"async\" src=\"\/IMG\/jpg\/fiacre2.jpg\" width=150 ><\/div>\n<p><font><\/td>\n<td><font color=\"802020\">18h  Messe \u00e0 Cr\u00e9cy pour Madeleine CARLY  et G\u00e9rard LHUILLIER.<font><\/td>\n<\/tr>\n<tr>\n<td><font color=\"0020FF\">Samedi 6 juillet<\/font><\/td>\n<td><font color=\"0020FF\">15h  Mariage \u00e0 la Coll\u00e9giale de Mathieu PERUCCA et Tonia SWINDEEL.<\/font><\/td>\n<td><font color=\"0020FF\"><\/p>\n<div align=\"center\"><img decoding=\"async\" src=\"\/IMG\/lieux\/collegiale10.jpg\"  width=150><font><\/td>\n<\/tr>\n<tr>\n<td><font color=\"00CC00\">Dimanche 7 juillet<\/font><\/td>\n<td><font color=\"00CC00\">10 h 30 &#8211; Messe \u00e0 Cr\u00e9cy pour C\u00e9cile BAURDESSOULE  et Olivier LANDRIEUX.<\/font><\/td>\n<td><font color=\"00CC00\"><br \/>\nBapt\u00eame de Lorenzo FERREIRA LIMA.<br \/>\nBapt\u00eames de Anjali et  Adrien CELESTIN.\n<\/div>\n<p><\/font><\/td>\n<\/tr>\n<\/tbody>\n<\/table>\n","protected":false},"excerpt":{"rendered":"<p>Voici les annonces de la semaine du lundi 1er au dimanche 7 juillet 2013 pour la paroisse des 3 clochers Cr\u00e9cy-la-Chapelle, Villiers-sur-Morin, Voulangis. En juillet et aout pas de messe le samedi. Dimanche 7&#46;&#46;&#46;<\/p>\n","protected":false},"author":2,"featured_media":0,"comment_status":"open","ping_status":"open","sticky":false,"template":"","format":"standard","meta":{"footnotes":""},"categories":[],"tags":[],"class_list":["post-614","post","type-post","status-publish","format-standard","hentry"],"_links":{"self":[{"href":"http:\/\/www.chapelle-crecy.com\/index.php?rest_route=\/wp\/v2\/posts\/614","targetHints":{"allow":["GET"]}}],"collection":[{"href":"http:\/\/www.chapelle-crecy.com\/index.php?rest_route=\/wp\/v2\/posts"}],"about":[{"href":"http:\/\/www.chapelle-crecy.com\/index.php?rest_route=\/wp\/v2\/types\/post"}],"author":[{"embeddable":true,"href":"http:\/\/www.chapelle-crecy.com\/index.php?rest_route=\/wp\/v2\/users\/2"}],"replies":[{"embeddable":true,"href":"http:\/\/www.chapelle-crecy.com\/index.php?rest_route=%2Fwp%2Fv2%2Fcomments&post=614"}],"version-history":[{"count":0,"href":"http:\/\/www.chapelle-crecy.com\/index.php?rest_route=\/wp\/v2\/posts\/614\/revisions"}],"wp:attachment":[{"href":"http:\/\/www.chapelle-crecy.com\/index.php?rest_route=%2Fwp%2Fv2%2Fmedia&parent=614"}],"wp:term":[{"taxonomy":"category","embeddable":true,"href":"http:\/\/www.chapelle-crecy.com\/index.php?rest_route=%2Fwp%2Fv2%2Fcategories&post=614"},{"taxonomy":"post_tag","embeddable":true,"href":"http:\/\/www.chapelle-crecy.com\/index.php?rest_route=%2Fwp%2Fv2%2Ftags&post=614"}],"curies":[{"name":"wp","href":"https:\/\/api.w.org\/{rel}","templated":true}]}}