{"id":618,"date":"2013-07-09T11:11:00","date_gmt":"2013-07-09T11:11:00","guid":{"rendered":""},"modified":"-0001-11-30T00:00:00","modified_gmt":"-0001-11-29T22:00:00","slug":"","status":"publish","type":"post","link":"http:\/\/www.chapelle-crecy.com\/?p=618","title":{"rendered":"Jubil\u00e9 pour les fr\u00e8res missionnaires des Campagnes \u00e0\u00a0 la Houssaye le 20 juillet 2013"},"content":{"rendered":"<div align=\"justify\">Les fr\u00e8res Missionnaires des Campagnes de la Houssaye-en-Brie sont heureux de vous informer qu&rsquo;ils vivront un jubil\u00e9 le samedi 20 juillet 2013. Ils sont heureux de vous inviter \u00e0\u00a0 cette journ\u00e9e exceptionnelle. Vous trouverez dans la suite de cet article le riche programme de la journ\u00e9e. Pour toute information compl\u00e9mentaire, veuillez contacter:<br \/>\nFr\u00e8re Jean Louis Lejay :<br \/>\nE-mail: jean-louis.lejayfmc@laposte.net<br \/>\nT\u00e9l : 06 68 24 79 98\n<\/div>\n<div align=\"justify\">Petite suggestion pratique: si vous ne visualisez pas correctement cette page, appuyez simultan\u00e9ment sur la touche \u00ab\u00a0CTRL\u00a0\u00bb de votre clavier et actionnez la molette centrale de votre souris.<\/p>\n<div align=\"center\"><img decoding=\"async\" src=\"\/IMG\/jpg\/jubile-miss.jpg\n\" width=450><\/div>\n<div align=\"center\"><img decoding=\"async\" src=\"\/IMG\/jpg\/programme-miss.jpg\n\" width=450><\/div>\n<div align=\"center\"><img decoding=\"async\" src=\"\/IMG\/jpg\/carte-miss.jpg\n\" width=450><\/div>\n<div align=\"center\"><img decoding=\"async\" src=\"\/IMG\/jpg\/historique-miss1.jpg\n\" width=450><\/div>\n<div align=\"center\"><img decoding=\"async\" src=\"\/IMG\/jpg\/historique-miss2.jpg\n\" width=450><\/div>\n<div align=\"center\"><img decoding=\"async\" src=\"\/IMG\/jpg\/freres-miss1.jpg\n\" width=450><\/div>\n<div align=\"center\"><img decoding=\"async\" src=\"\/IMG\/jpg\/frere-miss2.jpg\n\" width=450><\/div>\n<\/div>\n","protected":false},"excerpt":{"rendered":"<p>Les fr\u00e8res Missionnaires des Campagnes de la Houssaye-en-Brie sont heureux de vous informer qu&rsquo;ils vivront un jubil\u00e9 le samedi 20 juillet 2013. Ils sont heureux de vous inviter \u00e0\u00a0 cette journ\u00e9e exceptionnelle. Vous trouverez&#46;&#46;&#46;<\/p>\n","protected":false},"author":2,"featured_media":0,"comment_status":"open","ping_status":"open","sticky":false,"template":"","format":"standard","meta":{"footnotes":""},"categories":[],"tags":[],"class_list":["post-618","post","type-post","status-publish","format-standard","hentry"],"_links":{"self":[{"href":"http:\/\/www.chapelle-crecy.com\/index.php?rest_route=\/wp\/v2\/posts\/618","targetHints":{"allow":["GET"]}}],"collection":[{"href":"http:\/\/www.chapelle-crecy.com\/index.php?rest_route=\/wp\/v2\/posts"}],"about":[{"href":"http:\/\/www.chapelle-crecy.com\/index.php?rest_route=\/wp\/v2\/types\/post"}],"author":[{"embeddable":true,"href":"http:\/\/www.chapelle-crecy.com\/index.php?rest_route=\/wp\/v2\/users\/2"}],"replies":[{"embeddable":true,"href":"http:\/\/www.chapelle-crecy.com\/index.php?rest_route=%2Fwp%2Fv2%2Fcomments&post=618"}],"version-history":[{"count":0,"href":"http:\/\/www.chapelle-crecy.com\/index.php?rest_route=\/wp\/v2\/posts\/618\/revisions"}],"wp:attachment":[{"href":"http:\/\/www.chapelle-crecy.com\/index.php?rest_route=%2Fwp%2Fv2%2Fmedia&parent=618"}],"wp:term":[{"taxonomy":"category","embeddable":true,"href":"http:\/\/www.chapelle-crecy.com\/index.php?rest_route=%2Fwp%2Fv2%2Fcategories&post=618"},{"taxonomy":"post_tag","embeddable":true,"href":"http:\/\/www.chapelle-crecy.com\/index.php?rest_route=%2Fwp%2Fv2%2Ftags&post=618"}],"curies":[{"name":"wp","href":"https:\/\/api.w.org\/{rel}","templated":true}]}}