{"id":622,"date":"2013-08-11T22:43:09","date_gmt":"2013-08-11T22:43:09","guid":{"rendered":""},"modified":"-0001-11-30T00:00:00","modified_gmt":"-0001-11-29T22:00:00","slug":"","status":"publish","type":"post","link":"http:\/\/www.chapelle-crecy.com\/?p=622","title":{"rendered":"Annonces de la p\u00e9riode du 12 au 25 aout 2013"},"content":{"rendered":"<table bgcolor =\"F0FAFF\" border=0>\n<tbody>\n<tr>\n<td>\n<div align=\"justify\">\n<div \"560\">Voici les annonces de la p\u00e9riode du lundi 12 au dimanche 25 aout 2013 pour la paroisse des 3 clochers Cr\u00e9cy-la-Chapelle, Villiers-sur-Morin, Voulangis. <br \/>\nJeudi 15 aout messe de l&rsquo;assomption \u00e0\u00a0 la coll\u00e9giale.<br \/>\nDimanche 18 \u00e0\u00a0 10 h 30 Messe \u00e0\u00a0 Cr\u00e9cy. <br \/>\nDimanche 25 \u00e0\u00a0 10 h 30 Messe \u00e0\u00a0 la coll\u00e9giale. <br \/>\nTous les d\u00e9tails dans la suite &#8230;<\/div>\n<\/div>\n<\/td>\n<\/tr>\n<\/tbody>\n<\/table>\n<table bgcolor =\"F0F6FF\" border=0>\n<tbody>\n<tr>\n<td width=\"25%\"><font color=\"0E0C40\">Lundi 12 aout<\/font><\/td>\n<td><font color=\"0E0C40\">15 h &#8211;  Obs\u00e8ques \u00e0 Cr\u00e9cy de Christian CAILLOT<br \/>\n.<\/font><\/td>\n<td><font color=\"0E0C40\">17 h &#8211; C\u00e9l\u00e9bration \u00e0 la Maison de Retraite<\/font><\/td>\n<\/tr>\n<tr>\n<td><font color=\"0020FF\">Jeudi 15 aout<\/font><\/td>\n<td><font color=\"0020FF\"><\/p>\n<div align=\"center\"><img decoding=\"async\" src=\"\/IMG\/lieux\/collegiale3.jpg\"  width=150><\/div>\n<p><\/font><\/td>\n<td><font color=\"0020FF\">10 h 30 &#8211; MESSE DE L&rsquo;ASSOMPTION A LA COLLEGIALE. Messe anniversaire pour Pierre-Louis et Genevi\u00e8ve MENON.<br \/>\nElle est \u00e9galement c\u00e9l\u00e9br\u00e9e pour William DESJARDINS.<\/font><\/td>\n<\/tr>\n<tr>\n<td><font color=\"00CC00\">Dimanche 18 aout<\/font><\/td>\n<td><font color=\"00CC00\">10 h 30 &#8211;  Messe \u00e0 Cr\u00e9cy pour Jean et Lucienne BLAVIER.<\/font><\/td>\n<td><font color=\"00CC00\"><\/p>\n<div align=\"center\"><img decoding=\"async\" src=\"\/IMG\/lieux\/stgeorges06.jpg\"  width=150><\/div>\n<p><\/font><\/td>\n<\/tr>\n<tr>\n<td width=\"25%\"><font color=\"0E0C40\">Lundi 19 aout<\/font><\/td>\n<td><font color=\"0E0C40\"><\/p>\n<div align=\"center\"><img decoding=\"async\" src=\"\/IMG\/jpg\/MR_Crecy_2.jpg\"  width=150>\n<\/div>\n<p><\/font><\/td>\n<td><font color=\"0E0C40\">17 h &#8211; Messe \u00e0 la Maison de Retraite<\/font><\/td>\n<\/tr>\n<tr>\n<td><font color=\"0020FF\">Dimanche 25 aout<\/font><\/td>\n<td><font color=\"0020FF\">10 h 30 &#8211; Messe \u00e0 la Coll\u00e9giale pour Maryvonne MATHONNET et Georges PAQUET.<\/font><\/td>\n<td><font color=\"0020FF\"><\/p>\n<div align=\"center\"><img decoding=\"async\" src=\"\/IMG\/lieux\/collegiale2.jpg\"  width=150><\/div>\n<p><\/font><\/td>\n<\/tr>\n<\/tbody>\n<\/table>\n","protected":false},"excerpt":{"rendered":"<p>Voici les annonces de la p\u00e9riode du lundi 12 au dimanche 25 aout 2013 pour la paroisse des 3 clochers Cr\u00e9cy-la-Chapelle, Villiers-sur-Morin, Voulangis. Jeudi 15 aout messe de l&rsquo;assomption \u00e0\u00a0 la coll\u00e9giale. Dimanche 18&#46;&#46;&#46;<\/p>\n","protected":false},"author":2,"featured_media":0,"comment_status":"open","ping_status":"open","sticky":false,"template":"","format":"standard","meta":{"footnotes":""},"categories":[],"tags":[],"class_list":["post-622","post","type-post","status-publish","format-standard","hentry"],"_links":{"self":[{"href":"http:\/\/www.chapelle-crecy.com\/index.php?rest_route=\/wp\/v2\/posts\/622","targetHints":{"allow":["GET"]}}],"collection":[{"href":"http:\/\/www.chapelle-crecy.com\/index.php?rest_route=\/wp\/v2\/posts"}],"about":[{"href":"http:\/\/www.chapelle-crecy.com\/index.php?rest_route=\/wp\/v2\/types\/post"}],"author":[{"embeddable":true,"href":"http:\/\/www.chapelle-crecy.com\/index.php?rest_route=\/wp\/v2\/users\/2"}],"replies":[{"embeddable":true,"href":"http:\/\/www.chapelle-crecy.com\/index.php?rest_route=%2Fwp%2Fv2%2Fcomments&post=622"}],"version-history":[{"count":0,"href":"http:\/\/www.chapelle-crecy.com\/index.php?rest_route=\/wp\/v2\/posts\/622\/revisions"}],"wp:attachment":[{"href":"http:\/\/www.chapelle-crecy.com\/index.php?rest_route=%2Fwp%2Fv2%2Fmedia&parent=622"}],"wp:term":[{"taxonomy":"category","embeddable":true,"href":"http:\/\/www.chapelle-crecy.com\/index.php?rest_route=%2Fwp%2Fv2%2Fcategories&post=622"},{"taxonomy":"post_tag","embeddable":true,"href":"http:\/\/www.chapelle-crecy.com\/index.php?rest_route=%2Fwp%2Fv2%2Ftags&post=622"}],"curies":[{"name":"wp","href":"https:\/\/api.w.org\/{rel}","templated":true}]}}