{"id":623,"date":"2013-08-24T22:26:58","date_gmt":"2013-08-24T22:26:58","guid":{"rendered":""},"modified":"-0001-11-30T00:00:00","modified_gmt":"-0001-11-29T22:00:00","slug":"","status":"publish","type":"post","link":"http:\/\/www.chapelle-crecy.com\/?p=623","title":{"rendered":"Annonces de la semaine du 26 aout au 1er septembre 2013"},"content":{"rendered":"<table bgcolor =\"F0FAFF\" border=0>\n<tbody>\n<tr>\n<td>\n<div align=\"justify\">\n<div \"561\">Voici les annonces de la p\u00e9riode du lundi 26 aout au dimanche 1er septembre 2013 pour la paroisse des 3 clochers Cr\u00e9cy-la-Chapelle, Villiers-sur-Morin, Voulangis. <br \/>\nDimanche 1er \u00e0\u00a0 10 h 30 Messe \u00e0\u00a0 la coll\u00e9giale. <br \/>\nTous les d\u00e9tails dans la suite &#8230;<\/div>\n<\/div>\n<\/td>\n<\/tr>\n<\/tbody>\n<\/table>\n<table bgcolor =\"F0F6FF\" border=0>\n<tbody>\n<tr>\n<td width=\"25%\"><font color=\"0E0C40\">Lundi 26 aout<\/font><\/td>\n<td><font color=\"0E0C40\">17 h &#8211; Messe \u00e0 la Maison de Retraite.<\/font><\/td>\n<td><font color=\"0E0C40\"><\/p>\n<div align=\"center\"><img decoding=\"async\" src=\"\/IMG\/jpg\/MR_Crecy_2.jpg\"  width=150><\/div>\n<p><\/font><\/td>\n<\/tr>\n<tr>\n<td><font color=\"0020FF\">Mardi 27 ao\u00fbt<\/font><\/td>\n<td><font color=\"0020FF\"><\/p>\n<div align=\"center\"><img decoding=\"async\" src=\"\/IMG\/lieux\/stgeorges12.jpg\"  width=150><\/div>\n<p><\/font><\/td>\n<td><font color=\"0020FF\">9 h &#8211; Messe \u00e0 Cr\u00e9cy pour  les Ames du Purgatoire et Marie-Madeleine LAMY<\/div>\n<p><\/font><\/td>\n<\/tr>\n<tr>\n<tr>\n<td><font color=\"00CC00\">Mercredi 28 ao\u00fbt<\/font><\/td>\n<td><font color=\"00CC00\">20 h 30  R\u00e9union sp\u00e9ciale de l&rsquo;EAP avec les cat\u00e9chistes, pour la mise en oeuvre de la Cat\u00e9ch\u00e8se de cette nouvelle ann\u00e9e.<\/div>\n<p><\/font><\/td>\n<td><font color=\"00CC00\"><\/p>\n<div align=\"center\"><img decoding=\"async\" src=\"\/IMG\/lieux\/stgeorges05.jpg\"  width=150><\/div>\n<p><\/font><\/td>\n<\/tr>\n<tr>\n<td><font color=\"0E0C40\">Jeudi 29 ao\u00fbt<\/font><\/td>\n<td><font color=\"0E0C40\"><\/p>\n<div align=\"center\"><img decoding=\"async\" src=\"\/IMG\/lieux\/stgeorges07.jpg\"  width=150><\/div>\n<p><\/font><\/td>\n<td><font color=\"0E0C40\">18 h &#8211;  Messe \u00e0 Cr\u00e9cy pour la famille THION-MUNIER et Roger LABARRE.<\/font><\/td>\n<\/tr>\n<tr>\n<td width=\"25%\"><font color=\"0020FF\">Vendredi 30 ao\u00fbt<\/font><\/td>\n<td><font color=\"0020FF\">9 h &#8211; Messe \u00e0 Cr\u00e9cy pour Georges PICARD et  Genevi\u00e8ve CAMUS\n<\/div>\n<p><\/font><\/td>\n<td><font color=\"0020FF\">17 h  R\u00e9union des EQUIPES DU ROSAIRE  \u00e0 la chapelle de la Vierge.<\/font><\/td>\n<\/tr>\n<tr>\n<td><font color=\"00CC00\">Dimanche 1er septembre<\/font><\/td>\n<td><font color=\"00CC00\">10 h 30  A  la Coll\u00e9giale : Messe pour Emile et Henriette RONDEL. Ce sera \u00e9galement la  Messe anniversaire pour les 50 ans de  mariage de Guy et Marie-Jo CAMPAGNE.<\/font><\/td>\n<td><font color=\"00CC00\"><\/p>\n<div align=\"center\"><img decoding=\"async\" src=\"\/IMG\/lieux\/collegiale2.jpg\"  width=150><\/div>\n<p><\/font><\/td>\n<\/tr>\n<\/tbody>\n<\/table>\n","protected":false},"excerpt":{"rendered":"<p>Voici les annonces de la p\u00e9riode du lundi 26 aout au dimanche 1er septembre 2013 pour la paroisse des 3 clochers Cr\u00e9cy-la-Chapelle, Villiers-sur-Morin, Voulangis. Dimanche 1er \u00e0\u00a0 10 h 30 Messe \u00e0\u00a0 la coll\u00e9giale.&#46;&#46;&#46;<\/p>\n","protected":false},"author":2,"featured_media":0,"comment_status":"open","ping_status":"open","sticky":false,"template":"","format":"standard","meta":{"footnotes":""},"categories":[],"tags":[],"class_list":["post-623","post","type-post","status-publish","format-standard","hentry"],"_links":{"self":[{"href":"http:\/\/www.chapelle-crecy.com\/index.php?rest_route=\/wp\/v2\/posts\/623","targetHints":{"allow":["GET"]}}],"collection":[{"href":"http:\/\/www.chapelle-crecy.com\/index.php?rest_route=\/wp\/v2\/posts"}],"about":[{"href":"http:\/\/www.chapelle-crecy.com\/index.php?rest_route=\/wp\/v2\/types\/post"}],"author":[{"embeddable":true,"href":"http:\/\/www.chapelle-crecy.com\/index.php?rest_route=\/wp\/v2\/users\/2"}],"replies":[{"embeddable":true,"href":"http:\/\/www.chapelle-crecy.com\/index.php?rest_route=%2Fwp%2Fv2%2Fcomments&post=623"}],"version-history":[{"count":0,"href":"http:\/\/www.chapelle-crecy.com\/index.php?rest_route=\/wp\/v2\/posts\/623\/revisions"}],"wp:attachment":[{"href":"http:\/\/www.chapelle-crecy.com\/index.php?rest_route=%2Fwp%2Fv2%2Fmedia&parent=623"}],"wp:term":[{"taxonomy":"category","embeddable":true,"href":"http:\/\/www.chapelle-crecy.com\/index.php?rest_route=%2Fwp%2Fv2%2Fcategories&post=623"},{"taxonomy":"post_tag","embeddable":true,"href":"http:\/\/www.chapelle-crecy.com\/index.php?rest_route=%2Fwp%2Fv2%2Ftags&post=623"}],"curies":[{"name":"wp","href":"https:\/\/api.w.org\/{rel}","templated":true}]}}