{"id":625,"date":"2013-09-04T20:11:57","date_gmt":"2013-09-04T20:11:57","guid":{"rendered":""},"modified":"-0001-11-30T00:00:00","modified_gmt":"-0001-11-29T22:00:00","slug":"","status":"publish","type":"post","link":"http:\/\/www.chapelle-crecy.com\/?p=625","title":{"rendered":"Appel \u00e0\u00a0 la Paix en Syrie du Pape Fran\u00e7ois"},"content":{"rendered":"<div align=justify>Notre bon pape Fran\u00e7ois invite tous les habitants de la terre, croyant ou non croyant et de quelque religion qu&rsquo;ils soient \u00e0\u00a0 prier et je\u00fbner samedi prochain 7 septembre 2013.<br \/>\nAfin de nous unir \u00e0\u00a0 la veill\u00e9e pour la paix qui se tiendra \u00e0\u00a0 Rome ce soir-l\u00e0\u00a0 et <b>\u00e0\u00a0 la cath\u00e9drale de Meaux \u00e9galement \u00e0\u00a0 18h (anim\u00e9e par les jeunes qui ont particip\u00e9 aux JMJ de RIO)<\/b>, la communaut\u00e9 chr\u00e9tienne St Fiacre organise :<br \/>\nune veill\u00e9e pour la paix<br \/>\n\u00e0\u00a0 l&rsquo;\u00e9glise de Coulommes<br \/>\nsamedi 7 septembre 2013<br \/>\nde 21 H 00 \u00e0\u00a0 22 H 00<\/p>\n<p>Cette veill\u00e9e fait suite \u00e0\u00a0 une demande expresse du Pape \u00e0\u00a0 refuser la guerre. Dans la suite de cet article, retrouvez le message poignant tweet\u00e9 par le Pape Fran\u00e7ois:<\/p>\n<p>Chers fr\u00e8res et soeurs, bonjour !<br \/>\nChers fr\u00e8res et soeurs, je voudrais me faire aujourd&rsquo;hui l&rsquo;interpr\u00e8te du cri qui monte de toutes les parties de la terre, de tous les peuples, du coeur de chacun, de l&rsquo;unique grande famille qu&rsquo;est l&rsquo;humanit\u00e9, avec une angoisse croissante : c&rsquo;est le cri de la paix ! Et le cri qui dit avec force : nous voulons un monde de paix, nous voulons \u00eatre des hommes et des femmes de paix, nous voulons que dans notre soci\u00e9t\u00e9 d\u00e9chir\u00e9e par les divisions et les conflits, explose la paix ; plus jamais la guerre ! Plus jamais la guerre ! La paix est un don \u00e9minemment pr\u00e9cieux, qui doit \u00eatre promu et pr\u00e9serv\u00e9&#8230;  <\/p><\/div>\n<div align=justify>\n Je vis avec une particuli\u00e8re souffrance et pr\u00e9occupation les nombreuses situations de conflit qu&rsquo;il y a sur notre terre ; mais, ces jours-ci, mon coeur est profond\u00e9ment bless\u00e9 par ce qui se passe en Syrie et angoiss\u00e9 par les d\u00e9veloppements dramatiques qui s&rsquo;annoncent.<\/p>\n<p> J&rsquo;adresse un appel fort pour la paix, un appel qui na \u00eet du plus profond de moi-m\u00eame ! Que de souffrance, que de destruction, que de douleur a provoqu\u00e9 et provoque l&rsquo;usage des armes dans ce pays afflig\u00e9, particuli\u00e8rement parmi les populations civiles et sans d\u00e9fense ! Pensons : que d&rsquo;enfants ne pourront pas voir la lumi\u00e8re de l&rsquo;avenir !<br \/>\n Avec une fermet\u00e9 particuli\u00e8re je condamne l&rsquo;usage des armes chimiques ! Je vous dis que j&rsquo;ai encore fix\u00e9es dans mon esprit et dans mon coeur les terribles images de ces derniers jours ! Sur nos actions il y a un jugement de Dieu et aussi un jugement de l&rsquo;histoire, auxquels on ne peut pas \u00e9chapper ! Ce n&rsquo;est jamais l&rsquo;usage de la violence qui conduit \u00e0 la paix. La guerre appelle la guerre, la violence appelle la violence !<\/p>\n<p> De toutes mes forces, je demande aux parties en conflit d&rsquo;\u00e9couter la voix de leur conscience, de ne pas s&rsquo;enfermer dans leurs propres int\u00e9r\u00eats, mais de regarder l&rsquo;autre comme un fr\u00e8re et d&rsquo;entreprendre courageusement et r\u00e9solument le chemin de la rencontre et de la n\u00e9gociation, en d\u00e9passant les oppositions aveugles. Avec la m\u00eame fermet\u00e9, j&rsquo;exhorte aussi la Communaut\u00e9 internationale \u00e0 fournir tout effort pour promouvoir, sans d\u00e9lai ult\u00e9rieur, des initiatives claires fond\u00e9es sur le dialogue et la n\u00e9gociation pour la paix dans cette Nation, pour le bien de tout le peuple syrien.<\/p>\n<p> Qu&rsquo;aucun effort ne soit \u00e9pargn\u00e9 pour garantir une assistance humanitaire \u00e0 ceux qui sont touch\u00e9s par ce terrible conflit, particuli\u00e8rement aux r\u00e9fugi\u00e9s dans ce pays et aux nombreux r\u00e9fugi\u00e9s dans les pays voisins. Que soit garantie aux agents humanitaires engag\u00e9s \u00e0 all\u00e9ger les souffrances de la population, la possibilit\u00e9 de pr\u00eater l&rsquo;aide n\u00e9cessaire.<\/p>\n<p> Que pouvons-nous faire pour la paix dans le monde ?<\/p>\n<p> Comme le disait le Pape Jean XXIII : \u00e0 tous incombe la t\u00e2che de r\u00e9tablir les rapports de la vie en soci\u00e9t\u00e9 sur les bases de la justice et de l&rsquo;amour (cf. Pacem in terris [11 avril 1963] : AAS (1963], pp. 301-302].<\/p>\n<p> Qu&rsquo;une cha \u00eene d&rsquo;engagement pour la paix unisse tous les hommes et toutes les femmes de bonne volont\u00e9 ! C&rsquo;est une forte et pressante invitation que j&rsquo;adresse \u00e0 toute l&rsquo;Eglise catholique, mais que j&rsquo;\u00e9tends \u00e0 tous les chr\u00e9tiens d&rsquo;autres Confessions, aux hommes et aux femmes de chaque Religion, ainsi qu&rsquo;\u00e0 ces fr\u00e8res et soeurs qui ne croient pas : la paix est un bien qui d\u00e9passe toute barri\u00e8re, parce qu&rsquo;elle est un bien de toute l&rsquo;humanit\u00e9.<\/p>\n<p> Je le r\u00e9p\u00e8te \u00e0 haute voix : ce n&rsquo;est pas la culture de l&rsquo;affrontement, la culture du conflit qui construit la vie collective dans un peuple et entre les peuples, mais celle-ci : la culture de la rencontre, la culture du dialogue : c&rsquo;est l&rsquo;unique voie pour la paix.<br \/>\n Que le cri de la paix s&rsquo;\u00e9l\u00e8ve pour arriver au coeur de tous et que tous d\u00e9posent les armes et se laissent guider par le souffle de la paix.<\/p>\n<p> Voil\u00e0 pourquoi, fr\u00e8res et soeurs, j&rsquo;ai d\u00e9cid\u00e9 d&rsquo;organiser pour toute l&rsquo;Eglise, le samedi 7 septembre 2013, veille de la c\u00e9l\u00e9bration de la Nativit\u00e9 de Marie, Reine de la Paix, une journ\u00e9e de je\u00fbne et de pri\u00e8re pour la paix en Syrie, au Moyen-Orient, et dans le monde entier, et j&rsquo;invite aussi \u00e0 s&rsquo;unir \u00e0 cette initiative, par la mani\u00e8re qu&rsquo;ils retiendront la plus opportune, les fr\u00e8res chr\u00e9tiens non catholiques, les adeptes des autres religions, ainsi que les hommes de bonne volont\u00e9.<\/p>\n<p> Le 7 septembre prochain, sur la place Saint-Pierre &#8211; ici &#8211; de 19h \u00e0 24h, nous nous r\u00e9unirons en pri\u00e8re et dans un esprit de p\u00e9nitence pour invoquer de Dieu ce grand don pour la bien-aim\u00e9e nation syrienne et pour toutes les situations de conflit et de violence dans le monde. L&rsquo;humanit\u00e9 a besoin de voir des gestes de paix et d&rsquo;entendre des paroles d&rsquo;esp\u00e9rance et de paix ! Je demande \u00e0 toutes les Eglises particuli\u00e8res qui, outre le fait de vivre cette journ\u00e9e de je\u00fbne, d&rsquo;organiser des actions liturgiques \u00e0 cette intention.<\/p>\n<p> A Marie, nous demandons de nous aider \u00e0 r\u00e9pondre \u00e0 la violence, au conflit et \u00e0 la guerre, par la force du dialogue, de la r\u00e9conciliation et de l&rsquo;amour. Elle est m\u00e8re : qu&rsquo;elle nous aide \u00e0 retrouver la paix ; nous sommes tous ses enfants !<br \/>\n Aide-nous, Marie, \u00e0 d\u00e9passer ce moment difficile et \u00e0 nous engager \u00e0 construire chaque jour et dans tous les domaines une culture authentique de la rencontre et de la paix.<\/p>\n<p> Marie, Reine de la paix, prie pour nous !<br \/>\n [Texte original : Italien]\n<\/p><\/div>\n","protected":false},"excerpt":{"rendered":"<p>Notre bon pape Fran\u00e7ois invite tous les habitants de la terre, croyant ou non croyant et de quelque religion qu&rsquo;ils soient \u00e0\u00a0 prier et je\u00fbner samedi prochain 7 septembre 2013. Afin de nous unir&#46;&#46;&#46;<\/p>\n","protected":false},"author":2,"featured_media":0,"comment_status":"open","ping_status":"open","sticky":false,"template":"","format":"standard","meta":{"footnotes":""},"categories":[],"tags":[],"class_list":["post-625","post","type-post","status-publish","format-standard","hentry"],"_links":{"self":[{"href":"http:\/\/www.chapelle-crecy.com\/index.php?rest_route=\/wp\/v2\/posts\/625","targetHints":{"allow":["GET"]}}],"collection":[{"href":"http:\/\/www.chapelle-crecy.com\/index.php?rest_route=\/wp\/v2\/posts"}],"about":[{"href":"http:\/\/www.chapelle-crecy.com\/index.php?rest_route=\/wp\/v2\/types\/post"}],"author":[{"embeddable":true,"href":"http:\/\/www.chapelle-crecy.com\/index.php?rest_route=\/wp\/v2\/users\/2"}],"replies":[{"embeddable":true,"href":"http:\/\/www.chapelle-crecy.com\/index.php?rest_route=%2Fwp%2Fv2%2Fcomments&post=625"}],"version-history":[{"count":0,"href":"http:\/\/www.chapelle-crecy.com\/index.php?rest_route=\/wp\/v2\/posts\/625\/revisions"}],"wp:attachment":[{"href":"http:\/\/www.chapelle-crecy.com\/index.php?rest_route=%2Fwp%2Fv2%2Fmedia&parent=625"}],"wp:term":[{"taxonomy":"category","embeddable":true,"href":"http:\/\/www.chapelle-crecy.com\/index.php?rest_route=%2Fwp%2Fv2%2Fcategories&post=625"},{"taxonomy":"post_tag","embeddable":true,"href":"http:\/\/www.chapelle-crecy.com\/index.php?rest_route=%2Fwp%2Fv2%2Ftags&post=625"}],"curies":[{"name":"wp","href":"https:\/\/api.w.org\/{rel}","templated":true}]}}