{"id":627,"date":"2013-09-06T10:48:00","date_gmt":"2013-09-06T10:48:00","guid":{"rendered":""},"modified":"-0001-11-30T00:00:00","modified_gmt":"-0001-11-29T22:00:00","slug":"","status":"publish","type":"post","link":"http:\/\/www.chapelle-crecy.com\/?p=627","title":{"rendered":"PORTES OUVERTES ENSEMBLE VOCAL ANGUELOS"},"content":{"rendered":"<div align=justify>Les vendredis 6, 13, 20, 27 septembre et 4 octobre  \u00e0\u00a0 20h15, l&rsquo;Ensemble Vocal Angu\u00e9los vous accueille lors de ses r\u00e9p\u00e9titions \u00e0\u00a0 l&rsquo;\u00e9glise de Quincy-Voisins, (entr\u00e9e par la petite porte de l&rsquo;\u00e9glise).<br \/>\nLes r\u00e9p\u00e9titions sont accompagn\u00e9es \u00e0\u00a0 l&rsquo;orgue.<br \/>\nAmateurs, chanteurs en recherche de choeur ou simples curieux, vous pourrez vous rendre compte de la mani\u00e8re de travailler de l&rsquo;Ensemble, de son niveau, de l&rsquo;ambiance du groupe et du r\u00e9pertoire travaill\u00e9.<\/p>\n<p>RECRUTEMENT<br \/>\nLa saison 2013\/2014 de l&rsquo;Ensemble Vocal Angu\u00e9los d\u00e9bute ce vendredi 6 septembre. Le recrutement de nouveaux chanteurs est d&rsquo;ores et d\u00e9j\u00e0\u00a0 ouvert.<br \/>\nCette ann\u00e9e, l&rsquo;Ensemble recherche plus particuli\u00e8rement des voix de t\u00e9nor.<br \/>\nSi vous \u00eates int\u00e9ress\u00e9 ou si vous connaissez des personnes susceptibles de l&rsquo;\u00eatre, n&rsquo;h\u00e9sitez-pas \u00e0\u00a0 nous rencontrer lors des portes ouvertes tous les vendredis de septembre et le 4 octobre, ou \u00e0\u00a0 vous renseigner aupr\u00e8s de Mme Boulland au <span style=\"color:orange\">01 60 04 11 89<\/span> ou par mail \u00e0\u00a0 l&rsquo;adresse suivante : <span style=\"color:blue\">anguelos@free.fr<\/span><\/div>\n<div align=\"center\"><img decoding=\"async\" src=\"\/IMG\/jpg\/Anguelos-recrute.jpg\" width=400><\/div>\n","protected":false},"excerpt":{"rendered":"<p>Les vendredis 6, 13, 20, 27 septembre et 4 octobre \u00e0\u00a0 20h15, l&rsquo;Ensemble Vocal Angu\u00e9los vous accueille lors de ses r\u00e9p\u00e9titions \u00e0\u00a0 l&rsquo;\u00e9glise de Quincy-Voisins, (entr\u00e9e par la petite porte de l&rsquo;\u00e9glise). Les r\u00e9p\u00e9titions&#46;&#46;&#46;<\/p>\n","protected":false},"author":2,"featured_media":0,"comment_status":"open","ping_status":"open","sticky":false,"template":"","format":"standard","meta":{"footnotes":""},"categories":[],"tags":[],"class_list":["post-627","post","type-post","status-publish","format-standard","hentry"],"_links":{"self":[{"href":"http:\/\/www.chapelle-crecy.com\/index.php?rest_route=\/wp\/v2\/posts\/627","targetHints":{"allow":["GET"]}}],"collection":[{"href":"http:\/\/www.chapelle-crecy.com\/index.php?rest_route=\/wp\/v2\/posts"}],"about":[{"href":"http:\/\/www.chapelle-crecy.com\/index.php?rest_route=\/wp\/v2\/types\/post"}],"author":[{"embeddable":true,"href":"http:\/\/www.chapelle-crecy.com\/index.php?rest_route=\/wp\/v2\/users\/2"}],"replies":[{"embeddable":true,"href":"http:\/\/www.chapelle-crecy.com\/index.php?rest_route=%2Fwp%2Fv2%2Fcomments&post=627"}],"version-history":[{"count":0,"href":"http:\/\/www.chapelle-crecy.com\/index.php?rest_route=\/wp\/v2\/posts\/627\/revisions"}],"wp:attachment":[{"href":"http:\/\/www.chapelle-crecy.com\/index.php?rest_route=%2Fwp%2Fv2%2Fmedia&parent=627"}],"wp:term":[{"taxonomy":"category","embeddable":true,"href":"http:\/\/www.chapelle-crecy.com\/index.php?rest_route=%2Fwp%2Fv2%2Fcategories&post=627"},{"taxonomy":"post_tag","embeddable":true,"href":"http:\/\/www.chapelle-crecy.com\/index.php?rest_route=%2Fwp%2Fv2%2Ftags&post=627"}],"curies":[{"name":"wp","href":"https:\/\/api.w.org\/{rel}","templated":true}]}}