{"id":628,"date":"2013-09-07T02:02:00","date_gmt":"2013-09-07T02:02:00","guid":{"rendered":""},"modified":"-0001-11-30T00:00:00","modified_gmt":"-0001-11-29T22:00:00","slug":"","status":"publish","type":"post","link":"http:\/\/www.chapelle-crecy.com\/?p=628","title":{"rendered":"Exposition de sculptures de GUY VILLERET et en conclusion le 14 concert MICHELE LANDAIS \u00e0\u00a0 17 heures"},"content":{"rendered":"<div align=\"justify\">Apr\u00e8s le succ\u00e8s incontestable de leur pr\u00e9sentation l&rsquo;ann\u00e9e pass\u00e9e \u00e0\u00a0 la Coll\u00e9giale de Cr\u00e9cy, Guy et J\u00e9r me Villeret exposent \u00e0\u00a0 nouveau leurs r\u00e9alisations sculpt\u00e9es plus vraies que nature, en ce moment m\u00eame \u00e0\u00a0 la cath\u00e9drale de Meaux, tous les jours du 7 au 14 septembre. Gr ce au passionn\u00e9 Ren\u00e9 Cazeneuve, son association Art et Passions Villermorinois vous convie au concert exceptionnel que donnera <span style=\"color:red\">Mich\u00e8le Landais, samedi 14 septembre \u00e0\u00a0 17h, \u00e0\u00a0 la cath\u00e9drale St Etienne de Meaux<\/span>. Venez \u00e9couter la plus belle voix de Villers-sur-Morin, sinon de la Brie. Accompagn\u00e9e par Christophe Tran, la puret\u00e9 et la puissance de sa voix ainsi mise en valeur, vous couperont assur\u00e9ment le souffle. Cela vaut vraiment le d\u00e9tour. Qu&rsquo;on se le dise !<\/div>\n<div align=\"center\"><img decoding=\"async\" src=\"\/IMG\/jpg\/villeret.jpg\n\" width=400><\/div>\n<div align=\"center\"><img decoding=\"async\" src=\"\/IMG\/jpg\/landais.jpg\n\" width=400><\/div>\n","protected":false},"excerpt":{"rendered":"<p>Apr\u00e8s le succ\u00e8s incontestable de leur pr\u00e9sentation l&rsquo;ann\u00e9e pass\u00e9e \u00e0\u00a0 la Coll\u00e9giale de Cr\u00e9cy, Guy et J\u00e9r me Villeret exposent \u00e0\u00a0 nouveau leurs r\u00e9alisations sculpt\u00e9es plus vraies que nature, en ce moment m\u00eame \u00e0\u00a0&#46;&#46;&#46;<\/p>\n","protected":false},"author":2,"featured_media":0,"comment_status":"open","ping_status":"open","sticky":false,"template":"","format":"standard","meta":{"footnotes":""},"categories":[],"tags":[],"class_list":["post-628","post","type-post","status-publish","format-standard","hentry"],"_links":{"self":[{"href":"http:\/\/www.chapelle-crecy.com\/index.php?rest_route=\/wp\/v2\/posts\/628","targetHints":{"allow":["GET"]}}],"collection":[{"href":"http:\/\/www.chapelle-crecy.com\/index.php?rest_route=\/wp\/v2\/posts"}],"about":[{"href":"http:\/\/www.chapelle-crecy.com\/index.php?rest_route=\/wp\/v2\/types\/post"}],"author":[{"embeddable":true,"href":"http:\/\/www.chapelle-crecy.com\/index.php?rest_route=\/wp\/v2\/users\/2"}],"replies":[{"embeddable":true,"href":"http:\/\/www.chapelle-crecy.com\/index.php?rest_route=%2Fwp%2Fv2%2Fcomments&post=628"}],"version-history":[{"count":0,"href":"http:\/\/www.chapelle-crecy.com\/index.php?rest_route=\/wp\/v2\/posts\/628\/revisions"}],"wp:attachment":[{"href":"http:\/\/www.chapelle-crecy.com\/index.php?rest_route=%2Fwp%2Fv2%2Fmedia&parent=628"}],"wp:term":[{"taxonomy":"category","embeddable":true,"href":"http:\/\/www.chapelle-crecy.com\/index.php?rest_route=%2Fwp%2Fv2%2Fcategories&post=628"},{"taxonomy":"post_tag","embeddable":true,"href":"http:\/\/www.chapelle-crecy.com\/index.php?rest_route=%2Fwp%2Fv2%2Ftags&post=628"}],"curies":[{"name":"wp","href":"https:\/\/api.w.org\/{rel}","templated":true}]}}