{"id":632,"date":"2013-10-01T18:36:08","date_gmt":"2013-10-01T18:36:08","guid":{"rendered":""},"modified":"-0001-11-30T00:00:00","modified_gmt":"-0001-11-29T22:00:00","slug":"","status":"publish","type":"post","link":"http:\/\/www.chapelle-crecy.com\/?p=632","title":{"rendered":"L&rsquo;\u00e9glise St R\u00e9mi \u00e0\u00a0 Villiers-sur-Morin"},"content":{"rendered":"<div align=\"justify\">L&rsquo;\u00e9glise de Villiers-sur-Morin est ouverte lors des messes anticip\u00e9es du dimanche, tous les 1er et 3\u00e8me samedis du mois. La prochaine messe sera donc c\u00e9l\u00e9br\u00e9e par le P\u00e8re Aim\u00e9, pr\u00eatre r\u00e9f\u00e9rent du secteur des 3 clochers, le samedi 5 octobre \u00e0\u00a0 18h30.<br \/>\nVous ne connaissez pas bien cette \u00e9glise ou bien, un jour de semaine, vous avez voulu pousser la porte sans malheureusement pouvoir y entrer?<br \/>\nDans le but de mieux vous accueillir, nous vous proposons ici, une pr\u00e9sentation inhabituelle de cette belle petite \u00e9glise, narr\u00e9e par notre sp\u00e9cialiste du patrimoine local, Jacques Piedeloup. Apr\u00e8s cette visite virtuelle, nous serons heureux de vous y rencontrer \u00e0\u00a0 la fin d&rsquo;une c\u00e9l\u00e9bration, lors d&rsquo;un bapt\u00eame, d&rsquo;un mariage, ou m\u00eame au cours d&rsquo;un concert. Explications &#8230;<\/div>\n<div align=\"justify\">\n Voici le QR code ou flashcode que vous trouverez sur la porte de l&rsquo;\u00e9glise de Villiers-sur-Morin :<br \/>\n<img1260|center><br \/>\n D\u00e9sormais, vous pourrez, si vous \u00eates munis d&rsquo;un t\u00e9l\u00e9phone mobile comportant l&rsquo;application ad\u00e9quate, afficher sur l&rsquo;\u00e9cran de votre i-phone la page internet ou m\u00eame la vid\u00e9o de pr\u00e9sentation de l&rsquo;\u00e9glise St R\u00e9mi, et ainsi visualiser l&rsquo;int\u00e9rieur de l&rsquo;\u00e9glise, porte ferm\u00e9e, miracle de la technologie ! <\/p>\n<p> Un seul clic sur le petit triangle ci-dessous vous donnera le m\u00eame r\u00e9sultat, depuis votre domicile:<\/p>\n<div align = \"center\"><iframe loading=\"lazy\" width=\"560\" height=\"315\" src=\"\/\/www.youtube.com\/embed\/tKksQGKj3Ns\" frameborder=\"0\" allowfullscreen><\/iframe><\/div>\n<p> Sur notre m\u00eame site, dans l&rsquo;article intitul\u00e9 \u00ab\u00a0Visite virtuelle de nos \u00e9glises\u00a0\u00bb r\u00e9alis\u00e9 le 8 novembre 2012 ou directement sur YouTube [Les \u00e9glises du Pays Cr\u00e9cois->http:\/\/www.youtube.com\/user\/premanche?feature=mhee],<br \/>\nvous retrouverez \u00e9galement les pr\u00e9sentations des \u00e9glises suivantes:<br \/>\n [Bouleurs, \u00e9glise Ste Madeleine->http:\/\/www.youtube.com\/watch?v=I57McJoZ7mo]<br \/>\n [Boutigny, \u00e9glise St M\u00e9dard->http:\/\/www.youtube.com\/watch?v=wCwdqwFjML0]<br \/>\n [Coulommes, \u00e9glise St Laurent->http:\/\/www.youtube.com\/watch?v=p7kLuwVXppA ]<br \/>\n [La Haute Maison, ND de la Nativit\u00e9->http:\/\/www.youtube.com\/watch?v=6KLOZWjzylg ]<br \/>\n [Magny-St Loup->http:\/\/www.youtube.com\/watch?v=0e0fYGp-M68 ]<br \/>\n [Sancy-les-Meaux->http:\/\/www.youtube.com\/watch?v=s1aPMXcymjQ ]<br \/>\n [Vaucourtois, \u00e9glise St Quirin->http:\/\/www.youtube.com\/watch?v=V_CWQPwIAg8 ]<br \/>\n [Voulangis, \u00e9glise St Pierre->http:\/\/www.youtube.com\/watch?v=EvocS-l2okk]   <\/p>\n<p> Pour toute information relative \u00e0 l&rsquo;\u00e9glise de Villiers-sur-Morin, toutes les questions que vous vous posez sur les prochaines manifestations, mais aussi sur l&rsquo;aide que vous pouvez apporter \u00e0 son bon fonctionnement:<br \/>\n &#8211; animation liturgique,<br \/>\n &#8211; organiste,<br \/>\n &#8211; enfants de choeur,<br \/>\n &#8211; m\u00e9nage,<br \/>\n &#8211; fleurissement de l&rsquo;\u00e9glise,<br \/>\n etc.<\/p>\n<p> veuillez contacter Jo\u00ebl LAHAILLE au:<br \/>\n T\u00e9l: 06 52 28 28 02 ou \u00e9crire \u00e0:<br \/>\n E-mail: jlahaille25@gmail.com<\/p>\n<div align = \"center\">*************************<\/div>\n<p> D\u00e9roul\u00e9 de la messe du 5\/10\/2013:<br \/>\n&#8211; Chant d&rsquo;entr\u00e9e (G244): Peuple de l&rsquo;Alliance<br \/>\n&#8211; Psaume:<br \/>\n&#8211; Chant de communion (D380): En marchant vers Toi, Seigneur<br \/>\n&#8211; chant de sortie: Je vous salue Marie<\/p>\n<\/div>\n","protected":false},"excerpt":{"rendered":"<p>L&rsquo;\u00e9glise de Villiers-sur-Morin est ouverte lors des messes anticip\u00e9es du dimanche, tous les 1er et 3\u00e8me samedis du mois. La prochaine messe sera donc c\u00e9l\u00e9br\u00e9e par le P\u00e8re Aim\u00e9, pr\u00eatre r\u00e9f\u00e9rent du secteur des&#46;&#46;&#46;<\/p>\n","protected":false},"author":2,"featured_media":0,"comment_status":"open","ping_status":"open","sticky":false,"template":"","format":"standard","meta":{"footnotes":""},"categories":[],"tags":[],"class_list":["post-632","post","type-post","status-publish","format-standard","hentry"],"_links":{"self":[{"href":"http:\/\/www.chapelle-crecy.com\/index.php?rest_route=\/wp\/v2\/posts\/632","targetHints":{"allow":["GET"]}}],"collection":[{"href":"http:\/\/www.chapelle-crecy.com\/index.php?rest_route=\/wp\/v2\/posts"}],"about":[{"href":"http:\/\/www.chapelle-crecy.com\/index.php?rest_route=\/wp\/v2\/types\/post"}],"author":[{"embeddable":true,"href":"http:\/\/www.chapelle-crecy.com\/index.php?rest_route=\/wp\/v2\/users\/2"}],"replies":[{"embeddable":true,"href":"http:\/\/www.chapelle-crecy.com\/index.php?rest_route=%2Fwp%2Fv2%2Fcomments&post=632"}],"version-history":[{"count":0,"href":"http:\/\/www.chapelle-crecy.com\/index.php?rest_route=\/wp\/v2\/posts\/632\/revisions"}],"wp:attachment":[{"href":"http:\/\/www.chapelle-crecy.com\/index.php?rest_route=%2Fwp%2Fv2%2Fmedia&parent=632"}],"wp:term":[{"taxonomy":"category","embeddable":true,"href":"http:\/\/www.chapelle-crecy.com\/index.php?rest_route=%2Fwp%2Fv2%2Fcategories&post=632"},{"taxonomy":"post_tag","embeddable":true,"href":"http:\/\/www.chapelle-crecy.com\/index.php?rest_route=%2Fwp%2Fv2%2Ftags&post=632"}],"curies":[{"name":"wp","href":"https:\/\/api.w.org\/{rel}","templated":true}]}}