{"id":634,"date":"2013-10-06T14:00:00","date_gmt":"2013-10-06T14:00:00","guid":{"rendered":""},"modified":"-0001-11-30T00:00:00","modified_gmt":"-0001-11-29T22:00:00","slug":"","status":"publish","type":"post","link":"http:\/\/www.chapelle-crecy.com\/?p=634","title":{"rendered":"20. Vivre et Aimer: qui sommes-nous?"},"content":{"rendered":"<div align=\"justify\">Un mouvement engag\u00e9 au service d&rsquo;une relation de couple durable.<br \/>\nVivre et Aimer est un mouvement chr\u00e9tien, ouvert \u00e0\u00a0 tous. Croyants ou non, chr\u00e9tiens ou d&rsquo;autres religions&#8230;; Couples mari\u00e9s ou non, recompos\u00e9s&#8230;<br \/>\nLes sessions s&rsquo;adressent \u00e0\u00a0 tous les couples dans le plus grand respect de chacun, et \u00e9galement aux pr\u00eatres, religieuses et religieux. Ils se sont engag\u00e9s, eux aussi, \u00e0\u00a0 vivre l&rsquo;amour et la fid\u00e9lit\u00e9. <\/div>\n<div align=\"center\"><img decoding=\"async\" src=\"\/IMG\/jpg\/pourqui.jpg\n\" width=500><\/div>\n<div align=\"center\"><img decoding=\"async\" src=\"\/IMG\/jpg\/pourquoi.jpg\n\" width=500><\/div>\n<div align=\"center\"><img decoding=\"async\" src=\"\/IMG\/jpg\/comment.jpg\n\" width=500><\/div>\n<div align=\"center\"><img decoding=\"async\" src=\"\/IMG\/jpg\/apres.jpg\n\" width=500><\/div>\n","protected":false},"excerpt":{"rendered":"<p>Un mouvement engag\u00e9 au service d&rsquo;une relation de couple durable. Vivre et Aimer est un mouvement chr\u00e9tien, ouvert \u00e0\u00a0 tous. Croyants ou non, chr\u00e9tiens ou d&rsquo;autres religions&#8230;; Couples mari\u00e9s ou non, recompos\u00e9s&#8230; Les sessions&#46;&#46;&#46;<\/p>\n","protected":false},"author":2,"featured_media":0,"comment_status":"open","ping_status":"open","sticky":false,"template":"","format":"standard","meta":{"footnotes":""},"categories":[],"tags":[],"class_list":["post-634","post","type-post","status-publish","format-standard","hentry"],"_links":{"self":[{"href":"http:\/\/www.chapelle-crecy.com\/index.php?rest_route=\/wp\/v2\/posts\/634","targetHints":{"allow":["GET"]}}],"collection":[{"href":"http:\/\/www.chapelle-crecy.com\/index.php?rest_route=\/wp\/v2\/posts"}],"about":[{"href":"http:\/\/www.chapelle-crecy.com\/index.php?rest_route=\/wp\/v2\/types\/post"}],"author":[{"embeddable":true,"href":"http:\/\/www.chapelle-crecy.com\/index.php?rest_route=\/wp\/v2\/users\/2"}],"replies":[{"embeddable":true,"href":"http:\/\/www.chapelle-crecy.com\/index.php?rest_route=%2Fwp%2Fv2%2Fcomments&post=634"}],"version-history":[{"count":0,"href":"http:\/\/www.chapelle-crecy.com\/index.php?rest_route=\/wp\/v2\/posts\/634\/revisions"}],"wp:attachment":[{"href":"http:\/\/www.chapelle-crecy.com\/index.php?rest_route=%2Fwp%2Fv2%2Fmedia&parent=634"}],"wp:term":[{"taxonomy":"category","embeddable":true,"href":"http:\/\/www.chapelle-crecy.com\/index.php?rest_route=%2Fwp%2Fv2%2Fcategories&post=634"},{"taxonomy":"post_tag","embeddable":true,"href":"http:\/\/www.chapelle-crecy.com\/index.php?rest_route=%2Fwp%2Fv2%2Ftags&post=634"}],"curies":[{"name":"wp","href":"https:\/\/api.w.org\/{rel}","templated":true}]}}