{"id":636,"date":"2013-10-13T17:30:00","date_gmt":"2013-10-13T17:30:00","guid":{"rendered":""},"modified":"-0001-11-30T00:00:00","modified_gmt":"-0001-11-29T22:00:00","slug":"","status":"publish","type":"post","link":"http:\/\/www.chapelle-crecy.com\/?p=636","title":{"rendered":"Ensemble relevons le d\u00e9fi de l&rsquo;\u00e9vang\u00e9lisation !"},"content":{"rendered":"<div align=\"justify\">Voici la proposition que fait notre \u00e9v\u00eaque Jean-Yves Nahmias, notre nouvel \u00e9v\u00eaque de Meaux, qui vient de f\u00eater ses un an de pr\u00e9sence dans notre  dioc\u00e8se de Meaux. Apr\u00e8s \u00ab\u00a0Eglise en Actes\u00a0\u00bb, cette grande r\u00e9flexion dans tout le dioc\u00e8se qui avait conduit au grand rassemblement dioc\u00e9sain de Trinit\u00e9 2008, c&rsquo;est le lancement de \u00ab\u00a0Mission en Actes\u00a0\u00bb qui invitera chacun de nous, le 19 octobre 2013 \u00e0\u00a0 la cath\u00e9drale de Meaux \u00e0\u00a0 relever ce magnifique d\u00e9fi de l&rsquo;\u00e9vang\u00e9lisation:<\/p>\n<div align=\"center\"><img decoding=\"async\" src=\"\/IMG\/jpg\/rencontre.jpg\" width=450><\/div>\n<p>Jean-Yves Nahmias, \u00e9v\u00eaque de Meaux\n<\/p><\/div>\n<div align=\"center\"><img decoding=\"async\" src=\"\/IMG\/jpg\/mission.jpg\" width=500><\/p>\n<p><a href=\"\/IMG\/doc\/Mission_en_Actes.pps\"><b>Diaporama Mission en actes : retour en images<\/a><\/b><\/p>\n<\/div>\n","protected":false},"excerpt":{"rendered":"<p>Voici la proposition que fait notre \u00e9v\u00eaque Jean-Yves Nahmias, notre nouvel \u00e9v\u00eaque de Meaux, qui vient de f\u00eater ses un an de pr\u00e9sence dans notre dioc\u00e8se de Meaux. Apr\u00e8s \u00ab\u00a0Eglise en Actes\u00a0\u00bb, cette grande&#46;&#46;&#46;<\/p>\n","protected":false},"author":2,"featured_media":0,"comment_status":"open","ping_status":"open","sticky":false,"template":"","format":"standard","meta":{"footnotes":""},"categories":[],"tags":[],"class_list":["post-636","post","type-post","status-publish","format-standard","hentry"],"_links":{"self":[{"href":"http:\/\/www.chapelle-crecy.com\/index.php?rest_route=\/wp\/v2\/posts\/636","targetHints":{"allow":["GET"]}}],"collection":[{"href":"http:\/\/www.chapelle-crecy.com\/index.php?rest_route=\/wp\/v2\/posts"}],"about":[{"href":"http:\/\/www.chapelle-crecy.com\/index.php?rest_route=\/wp\/v2\/types\/post"}],"author":[{"embeddable":true,"href":"http:\/\/www.chapelle-crecy.com\/index.php?rest_route=\/wp\/v2\/users\/2"}],"replies":[{"embeddable":true,"href":"http:\/\/www.chapelle-crecy.com\/index.php?rest_route=%2Fwp%2Fv2%2Fcomments&post=636"}],"version-history":[{"count":0,"href":"http:\/\/www.chapelle-crecy.com\/index.php?rest_route=\/wp\/v2\/posts\/636\/revisions"}],"wp:attachment":[{"href":"http:\/\/www.chapelle-crecy.com\/index.php?rest_route=%2Fwp%2Fv2%2Fmedia&parent=636"}],"wp:term":[{"taxonomy":"category","embeddable":true,"href":"http:\/\/www.chapelle-crecy.com\/index.php?rest_route=%2Fwp%2Fv2%2Fcategories&post=636"},{"taxonomy":"post_tag","embeddable":true,"href":"http:\/\/www.chapelle-crecy.com\/index.php?rest_route=%2Fwp%2Fv2%2Ftags&post=636"}],"curies":[{"name":"wp","href":"https:\/\/api.w.org\/{rel}","templated":true}]}}