{"id":637,"date":"2013-10-10T00:00:00","date_gmt":"2013-10-10T00:00:00","guid":{"rendered":""},"modified":"-0001-11-30T00:00:00","modified_gmt":"-0001-11-29T22:00:00","slug":"","status":"publish","type":"post","link":"http:\/\/www.chapelle-crecy.com\/?p=637","title":{"rendered":"R\u00e9trospective en images du p\u00e9lerinage du p\u00f4le de Meaux"},"content":{"rendered":"<div align=\"justify\">Nous vous proposons ici, gr ce au diaporama ci-joint r\u00e9alis\u00e9 par le P\u00e8re Marjou, un r\u00e9sum\u00e9 en images de cette belle journ\u00e9e du 6 octobre v\u00e9cue par de nombreux paroissiens \u00e0\u00a0 la cath\u00e9drale de Meaux. Il vous suffit de cliquer sur ce lien : <br \/>\n<a href=\"\/IMG\/doc\/pele_meaux_2013.pps\"><b>DIAPORAMA PELERINAGE MEAUX<\/b><\/div>\n<p> pour le visualiser. Que de beaux souvenirs !<\/p><\/div>\n","protected":false},"excerpt":{"rendered":"<p>Nous vous proposons ici, gr ce au diaporama ci-joint r\u00e9alis\u00e9 par le P\u00e8re Marjou, un r\u00e9sum\u00e9 en images de cette belle journ\u00e9e du 6 octobre v\u00e9cue par de nombreux paroissiens \u00e0\u00a0 la cath\u00e9drale de&#46;&#46;&#46;<\/p>\n","protected":false},"author":2,"featured_media":0,"comment_status":"open","ping_status":"open","sticky":false,"template":"","format":"standard","meta":{"footnotes":""},"categories":[],"tags":[],"class_list":["post-637","post","type-post","status-publish","format-standard","hentry"],"_links":{"self":[{"href":"http:\/\/www.chapelle-crecy.com\/index.php?rest_route=\/wp\/v2\/posts\/637","targetHints":{"allow":["GET"]}}],"collection":[{"href":"http:\/\/www.chapelle-crecy.com\/index.php?rest_route=\/wp\/v2\/posts"}],"about":[{"href":"http:\/\/www.chapelle-crecy.com\/index.php?rest_route=\/wp\/v2\/types\/post"}],"author":[{"embeddable":true,"href":"http:\/\/www.chapelle-crecy.com\/index.php?rest_route=\/wp\/v2\/users\/2"}],"replies":[{"embeddable":true,"href":"http:\/\/www.chapelle-crecy.com\/index.php?rest_route=%2Fwp%2Fv2%2Fcomments&post=637"}],"version-history":[{"count":0,"href":"http:\/\/www.chapelle-crecy.com\/index.php?rest_route=\/wp\/v2\/posts\/637\/revisions"}],"wp:attachment":[{"href":"http:\/\/www.chapelle-crecy.com\/index.php?rest_route=%2Fwp%2Fv2%2Fmedia&parent=637"}],"wp:term":[{"taxonomy":"category","embeddable":true,"href":"http:\/\/www.chapelle-crecy.com\/index.php?rest_route=%2Fwp%2Fv2%2Fcategories&post=637"},{"taxonomy":"post_tag","embeddable":true,"href":"http:\/\/www.chapelle-crecy.com\/index.php?rest_route=%2Fwp%2Fv2%2Ftags&post=637"}],"curies":[{"name":"wp","href":"https:\/\/api.w.org\/{rel}","templated":true}]}}