{"id":638,"date":"2013-10-09T08:43:00","date_gmt":"2013-10-09T08:43:00","guid":{"rendered":""},"modified":"-0001-11-30T00:00:00","modified_gmt":"-0001-11-29T22:00:00","slug":"","status":"publish","type":"post","link":"http:\/\/www.chapelle-crecy.com\/?p=638","title":{"rendered":"M\u00e8re T\u00e9r\u00e9sa le spectacle"},"content":{"rendered":"<div align=justify\">Les billets d&rsquo;entr\u00e9e pour assister \u00e0\u00a0 la Com\u00e9die Musicale MERE TERESA, produite par R\u00e9v\u00e9lateur Production et qui sera jou\u00e9e les 14 et 15 d\u00e9cembre, au Th\u00e9 tre NB de Passy, \u00e0\u00a0 PARIS<br \/>\nsont disponibles sur le site [www.mereteresa-lespectacle.fr->www.mereteresa-lespectacle.fr]<br \/>\nN&rsquo;attendez pas pour r\u00e9server !<br \/>\nVous pouvez pr\u00e9ciser que vous r\u00e9server de la part de Cl\u00e9mence GUIHARD, de l&rsquo;aum nerie de La Fert\u00e9 sous Jouarre (chanteuse, com\u00e9dienne et notamment \u00ab\u00a0doublure\u00a0\u00bb du r\u00f4e de M\u00e8re Teresa dans le spectacle).<\/p>\n<p>Une annonce \u00e0\u00a0 diffuser au plus grand nombre par mails et sur vos r\u00e9seaux facebook, twitter, etc. !<\/p>\n<p>Merci \u00e0\u00a0 vous !<br \/>\ncontact: secretlafertesj@orange.fr<\/p><\/div>\n","protected":false},"excerpt":{"rendered":"","protected":false},"author":2,"featured_media":0,"comment_status":"open","ping_status":"open","sticky":false,"template":"","format":"standard","meta":{"footnotes":""},"categories":[],"tags":[],"class_list":["post-638","post","type-post","status-publish","format-standard","hentry"],"_links":{"self":[{"href":"http:\/\/www.chapelle-crecy.com\/index.php?rest_route=\/wp\/v2\/posts\/638","targetHints":{"allow":["GET"]}}],"collection":[{"href":"http:\/\/www.chapelle-crecy.com\/index.php?rest_route=\/wp\/v2\/posts"}],"about":[{"href":"http:\/\/www.chapelle-crecy.com\/index.php?rest_route=\/wp\/v2\/types\/post"}],"author":[{"embeddable":true,"href":"http:\/\/www.chapelle-crecy.com\/index.php?rest_route=\/wp\/v2\/users\/2"}],"replies":[{"embeddable":true,"href":"http:\/\/www.chapelle-crecy.com\/index.php?rest_route=%2Fwp%2Fv2%2Fcomments&post=638"}],"version-history":[{"count":0,"href":"http:\/\/www.chapelle-crecy.com\/index.php?rest_route=\/wp\/v2\/posts\/638\/revisions"}],"wp:attachment":[{"href":"http:\/\/www.chapelle-crecy.com\/index.php?rest_route=%2Fwp%2Fv2%2Fmedia&parent=638"}],"wp:term":[{"taxonomy":"category","embeddable":true,"href":"http:\/\/www.chapelle-crecy.com\/index.php?rest_route=%2Fwp%2Fv2%2Fcategories&post=638"},{"taxonomy":"post_tag","embeddable":true,"href":"http:\/\/www.chapelle-crecy.com\/index.php?rest_route=%2Fwp%2Fv2%2Ftags&post=638"}],"curies":[{"name":"wp","href":"https:\/\/api.w.org\/{rel}","templated":true}]}}