{"id":639,"date":"2013-10-26T08:24:00","date_gmt":"2013-10-26T08:24:00","guid":{"rendered":""},"modified":"-0001-11-30T00:00:00","modified_gmt":"-0001-11-29T22:00:00","slug":"","status":"publish","type":"post","link":"http:\/\/www.chapelle-crecy.com\/?p=639","title":{"rendered":"\u00ab\u00a0Le Seigneur ton Dieu te rendra prosp\u00e8re dans toutes tes entreprises\u00a0\u00bb (Deut 30 &#8211; 9)"},"content":{"rendered":"<div align=\"justify\"><span style=\"color:blue\">Nous voudrions tous r\u00e9ussir.  R\u00e9ussir notre famille, r\u00e9ussir dans notre vie professionnelle, dans la soci\u00e9t\u00e9.<\/span> R\u00e9aliser notre vocation; mais quelle est-elle?<br \/>\nOr, la Bible nous pr\u00e9sente, \u00e0\u00a0 la fin du livre de la Gen\u00e8se, un homme que Dieu a fait r\u00e9ussir dans tout ce qu&rsquo;il a entrepris, dans un contexte pourtant tr\u00e8s difficile et parfois hostile. C&rsquo;est Joseph, le fils du patriarche Jacob.<br \/>\nSon histoire est d&rsquo;une grande actualit\u00e9. C&rsquo;est le mod\u00e8le du chr\u00e9tien la\u00efc engag\u00e9 dans les affaires temporelles: le travail, la famille \u00e9troite et \u00e9tendue, la politique. <\/p>\n<p>Et, de plus, Joseph a \u00e9t\u00e9 regard\u00e9, d\u00e9s le d\u00e9but de l&rsquo;Eglise, comme une figure du Christ.<br \/>\nC&rsquo;est dire le grand int\u00e9r\u00eat pour nous de  m\u00e9diter son histoire. Elle nous est racont\u00e9e pour nous servir d&rsquo;exemple:<br \/>\n<span style=\"color:green\">comment mener notre vie pour r\u00e9ussir vraiment?<\/span> Mais aussi, comment Dieu intervient pour nous faire r\u00e9ussir? <\/p>\n<p>Vous \u00eates invit\u00e9s \u00e0\u00a0 cette session du <span style=\"color:red\"><br \/>\nvendredi soir 8 Novembre 20h45  au dimanche 10 Novembre 15h.<\/span><br \/>\nElle sera anim\u00e9e par Laurent Challan Belval (Ami de la Communaut\u00e9 du Verbe de Vie et ancien Directeur g\u00e9n\u00e9ral de groupes industriels).<\/p>\n<p><span style=\"color:orange\">******************************************************************<\/span><br \/>\nCommunaut\u00e9 du Verbe de Vie<\/p>\n<p>Abbaye d&rsquo;Andecy. Notre dame de Vive-Fontaine. 51270 BAYE<br \/>\nTel: <span style=\"color:orange\">03 26 52 80 30<\/span><br \/>\nE-mail: <span style=\"color:blue\">andecy@leverbedevie.net<\/span><br \/>\nSite: [www.leverbedevie.net->http:\/\/www.leverbedevie.net\/fr\/maisons\/andecy]<\/p>\n<p><span style=\"color:orange\">******************************************************************<\/span>\n<\/div>\n<p>Nous sommes heureux de vous faire-part des temps-forts de ce mois de novembre 2013 :<\/p>\n<p> &#8211; Week-end Jeunes 18\/28 ans : <span style=\"color:blue\">du samedi 9 novembre (10 h 30) au dimanche 10 novembre (15 h)<\/span><\/p>\n<p> \u00ab\u00a0Fortifiez en vous l&rsquo;homme int\u00e9rieur par la puissance du Saint-Esprit\u00a0\u00bb Eph\u00e9siens 3, 16<\/p>\n<p> Au programme : formation solide, pri\u00e8re, louange, t\u00e9moignages, d\u00e9tente, temps fraternel&#8230;<\/p>\n<p> (avec pr\u00e9-week-end pour les engag\u00e9s Fratjeunes d\u00e8s le vendredi 20 h 45)<\/p>\n<p> anim\u00e9 P\u00e8re Jean-Baptiste Alsac et la Communaut\u00e9<\/p>\n<p> <span style=\"color:orange\">******************************************************************<\/span><\/p>\n<p> &#8211; Session danse ouverte \u00e0 tous : <span style=\"color:blue\">du 16 novembre (10 h 30) au dimanche 17 novembre (15 h)<\/span><\/p>\n<p> \u00ab\u00a0Pour toi Seigneur, j&rsquo;exulterai et danserai de joie\u00a0\u00bb Psaume 9<\/p>\n<p> Se r\u00e9jouir ensemble sous le regard de Dieu. Danses d&rsquo;Isra\u00ebl et quelques autres. Topos sur le corps et la danse.<\/p>\n<p> Anim\u00e9e par Sabine Humblot (Communaut\u00e9 du Verbe de Vie)<\/p>\n<p> <span style=\"color:orange\">******************************************************************<\/span><\/p>\n<p> Samedi de d\u00e9sert pour les hommes sur le th\u00e8me de \u00ab\u00a0Autorit\u00e9-paternit\u00e9\u00a0\u00bb : <span style=\"color:blue\">le samedi 23 novembre de 14 h \u00e0 20 h 30<\/span><\/p>\n<p> Temps de louange, marche, enseignement, partage et pri\u00e8re<\/p>\n<p> anim\u00e9 par Jean-Paul Perez (Communaut\u00e9 du Verbe de Vie)<\/p>\n<p> <span style=\"color:orange\">******************************************************************<\/span><\/p>\n<p> Pour participer \u00e0 ces propositions, nous vous remercions de vous inscrire &#8211; de pr\u00e9f\u00e9rence via le site de la Communaut\u00e9 :<br \/>\n [www.leverbedevie.net->www.leverbedevie.net ] <\/p>\n<p> Nous vous assurons de notre pri\u00e8re et vous saluons fraternellement,<\/p>\n<p> La Communaut\u00e9 du Verbe de Vie \u00e0 Andecy<\/p>\n<p> (<span style=\"color:blue\">andecy@leverbedevie.net<\/span>)<\/p>\n","protected":false},"excerpt":{"rendered":"<p>Nous voudrions tous r\u00e9ussir. R\u00e9ussir notre famille, r\u00e9ussir dans notre vie professionnelle, dans la soci\u00e9t\u00e9. R\u00e9aliser notre vocation; mais quelle est-elle? Or, la Bible nous pr\u00e9sente, \u00e0\u00a0 la fin du livre de la Gen\u00e8se,&#46;&#46;&#46;<\/p>\n","protected":false},"author":2,"featured_media":0,"comment_status":"open","ping_status":"open","sticky":false,"template":"","format":"standard","meta":{"footnotes":""},"categories":[],"tags":[],"class_list":["post-639","post","type-post","status-publish","format-standard","hentry"],"_links":{"self":[{"href":"http:\/\/www.chapelle-crecy.com\/index.php?rest_route=\/wp\/v2\/posts\/639","targetHints":{"allow":["GET"]}}],"collection":[{"href":"http:\/\/www.chapelle-crecy.com\/index.php?rest_route=\/wp\/v2\/posts"}],"about":[{"href":"http:\/\/www.chapelle-crecy.com\/index.php?rest_route=\/wp\/v2\/types\/post"}],"author":[{"embeddable":true,"href":"http:\/\/www.chapelle-crecy.com\/index.php?rest_route=\/wp\/v2\/users\/2"}],"replies":[{"embeddable":true,"href":"http:\/\/www.chapelle-crecy.com\/index.php?rest_route=%2Fwp%2Fv2%2Fcomments&post=639"}],"version-history":[{"count":0,"href":"http:\/\/www.chapelle-crecy.com\/index.php?rest_route=\/wp\/v2\/posts\/639\/revisions"}],"wp:attachment":[{"href":"http:\/\/www.chapelle-crecy.com\/index.php?rest_route=%2Fwp%2Fv2%2Fmedia&parent=639"}],"wp:term":[{"taxonomy":"category","embeddable":true,"href":"http:\/\/www.chapelle-crecy.com\/index.php?rest_route=%2Fwp%2Fv2%2Fcategories&post=639"},{"taxonomy":"post_tag","embeddable":true,"href":"http:\/\/www.chapelle-crecy.com\/index.php?rest_route=%2Fwp%2Fv2%2Ftags&post=639"}],"curies":[{"name":"wp","href":"https:\/\/api.w.org\/{rel}","templated":true}]}}