{"id":640,"date":"2013-10-12T09:22:38","date_gmt":"2013-10-12T09:22:38","guid":{"rendered":""},"modified":"-0001-11-30T00:00:00","modified_gmt":"-0001-11-29T22:00:00","slug":"","status":"publish","type":"post","link":"http:\/\/www.chapelle-crecy.com\/?p=640","title":{"rendered":"Le Pape Fran\u00e7ois consacre le monde au Coeur Immacul\u00e9e de Marie"},"content":{"rendered":"<div align=\"justify\">En union avec le Pape et les p\u00e8lerins de Rome:<br \/>\n<span style=\"color:blue\">Samedi 12 octobre :<\/span><br \/>\n&#8211; 17h00 : Pri\u00e8re mariale \u00e0\u00a0 Rome.<br \/>\n&#8211; 19h00 : R\u00e9citation du Rosaire au Sanctuaire du Divin Amour. <\/p>\n<p><span style=\"color:blue\">Dimanche 13 octobre :<\/span><br \/>\n&#8211; 10h30 : Messe et Cons\u00e9cration au Coeur Immacul\u00e9 de Marie, puis Ang\u00e9lus \u00e0\u00a0 Rome, \u00e0\u00a0 partir de 10h30. Anniversaire de la sixi\u00e8me apparition \u00e0\u00a0 Fatima et du \u00ab\u00a0Miracle du soleil\u00a0\u00bb.<\/p>\n<p>Pour connaitre le programme complet de ces 2 journ\u00e9es exceptionnelles, \u00e9coutez Radio Notre-Dame (100.7) ou connectez-vous sur [http:\/\/radionotredame.net\/->http:\/\/radionotredame.net\/], ou bien encore cliquer sur le lien ci-joint de la chaine de t\u00e9l\u00e9vision [KTO->http:\/\/www.ktotv.com].<br \/>\nDe nombreuses propositions ont lieu dans de nombreux sanctuaires marials fran\u00e7ais. Pour ceux qui le peuvent, vous pouvez rejoindre l&rsquo;\u00e9glise ND des Victoires \u00e0\u00a0 Paris [http:\/\/www.notredamedesvictoires.com\/<br \/>\n->http:\/\/www.notredamedesvictoires.com\/] (2\u00e8me). Vous trouverez dans la suite de l&rsquo;article l&rsquo;affiche du programme de N.D du Perp\u00e9tuel Secours \u00e0\u00a0 Paris (12\u00e8me) et l&rsquo;invitation des Sanctuaires de Lourdes.\n<\/p><\/div>\n<p>Aujourd&rsquo;hui, de nombreux temps de pri\u00e8res seront donc organis\u00e9s dans plusieurs paroisses de France et d&rsquo;Ile-de-France. Ainsi, selon le souhait du pape Fran\u00e7ois, l&rsquo;Eglise pr\u00e9pare dans la pri\u00e8re la cons\u00e9cration du monde au Coeur immacul\u00e9 de Marie qui aura lieu demain dimanche 13 octobre, place Saint-Pierre, \u00e0 Rome, au pied de la statue de la Vierge de Fatima, en l&rsquo;anniversaire de l&rsquo;apparition survenue le 13 octobre 1917.<\/p>\n<div align=\"center\"><span style=\"color:red\">Prions pour la France<\/span><\/div>\n<p> Samedi 12 octobre 2013, de 19h \u00e0 21h30:<br \/>\n \u00e0 la Grotte de Massabielle, le P\u00e8re Horacio Brito, recteur du Sanctuaire de Lourdes, invite tous ceux qui le peuvent \u00e0 s&rsquo;unir \u00e0 la veill\u00e9e de pri\u00e8re \u00ab\u00a0Avec Marie au cours de la nuit\u00a0\u00bb, en pr\u00e9sence de Mgr Nicolas Brouwet, \u00e9v\u00eaque de Tarbes et Lourdes. Venez nombreux ! La pri\u00e8re du chapelet rythmera cette soir\u00e9e exceptionnelle organis\u00e9e \u00e0 la veille de la cons\u00e9cration du monde au Coeur immacul\u00e9e de Marie, le 13 octobre par le pape Fran\u00e7ois. Lourdes a \u00e9t\u00e9 choisi par le Vatican, avec dix autres sanctuaires marials \u00e0 travers le monde, pour participer \u00e0 cette veill\u00e9e de pri\u00e8re avec Nazareth, Vailankani, Czestochowa, Nairobi, Banneux,Akita, Washington, Lujan, Aparecida, Fatima. Le Sanctuaire de Lourdes devra en particulier animer le premier Myst\u00e8re joyeux du chapelet.<\/p>\n<div align=\"center\"><span style=\"color:red\">Prions pour l&rsquo;Espagne<\/span><\/div>\n<p> Les fr\u00e8res  sscc de Meaux St Jean Bosco (P\u00e8re Jean-Claude Marjou) nous informent \u00e9galement de la b\u00e9atification qui aura lieu demain \u00e0 Rome, en ce jour saint:<\/p>\n<div align=\"center\"><img decoding=\"async\" src=\"\/IMG\/jpg\/Tarragona.jpg\n\" width=400><\/div>\n<div align=\"center\"><img decoding=\"async\" src=\"\/IMG\/jpg\/beatification.jpg\n\" width=400><\/div>\n","protected":false},"excerpt":{"rendered":"<p>En union avec le Pape et les p\u00e8lerins de Rome: Samedi 12 octobre : &#8211; 17h00 : Pri\u00e8re mariale \u00e0\u00a0 Rome. &#8211; 19h00 : R\u00e9citation du Rosaire au Sanctuaire du Divin Amour. Dimanche 13&#46;&#46;&#46;<\/p>\n","protected":false},"author":2,"featured_media":0,"comment_status":"open","ping_status":"open","sticky":false,"template":"","format":"standard","meta":{"footnotes":""},"categories":[],"tags":[],"class_list":["post-640","post","type-post","status-publish","format-standard","hentry"],"_links":{"self":[{"href":"http:\/\/www.chapelle-crecy.com\/index.php?rest_route=\/wp\/v2\/posts\/640","targetHints":{"allow":["GET"]}}],"collection":[{"href":"http:\/\/www.chapelle-crecy.com\/index.php?rest_route=\/wp\/v2\/posts"}],"about":[{"href":"http:\/\/www.chapelle-crecy.com\/index.php?rest_route=\/wp\/v2\/types\/post"}],"author":[{"embeddable":true,"href":"http:\/\/www.chapelle-crecy.com\/index.php?rest_route=\/wp\/v2\/users\/2"}],"replies":[{"embeddable":true,"href":"http:\/\/www.chapelle-crecy.com\/index.php?rest_route=%2Fwp%2Fv2%2Fcomments&post=640"}],"version-history":[{"count":0,"href":"http:\/\/www.chapelle-crecy.com\/index.php?rest_route=\/wp\/v2\/posts\/640\/revisions"}],"wp:attachment":[{"href":"http:\/\/www.chapelle-crecy.com\/index.php?rest_route=%2Fwp%2Fv2%2Fmedia&parent=640"}],"wp:term":[{"taxonomy":"category","embeddable":true,"href":"http:\/\/www.chapelle-crecy.com\/index.php?rest_route=%2Fwp%2Fv2%2Fcategories&post=640"},{"taxonomy":"post_tag","embeddable":true,"href":"http:\/\/www.chapelle-crecy.com\/index.php?rest_route=%2Fwp%2Fv2%2Ftags&post=640"}],"curies":[{"name":"wp","href":"https:\/\/api.w.org\/{rel}","templated":true}]}}