{"id":644,"date":"2013-10-30T15:47:29","date_gmt":"2013-10-30T15:47:29","guid":{"rendered":""},"modified":"-0001-11-30T00:00:00","modified_gmt":"-0001-11-29T22:00:00","slug":"","status":"publish","type":"post","link":"http:\/\/www.chapelle-crecy.com\/?p=644","title":{"rendered":"Tous les chemins m\u00e8nent \u00e0\u00a0 Rome &#8230;"},"content":{"rendered":"<div align=\"justify\"> Pour aller \u00e0\u00a0 la rencontre du Seigneur Notre Dieu, l&rsquo;Eglise en g\u00e9n\u00e9ral et la paroisse de Cr\u00e9cy en particulier proposent de nombreuses possibilit\u00e9s. Qu&rsquo;il s&rsquo;agisse des pr\u00e9parations aux diff\u00e9rents sacrements (bapt\u00eame, communion, confirmation, etc), des groupes de pri\u00e8re (Adoration du Saint Sacrement, \u00e9quipes du Rosaire, Equipes Notre-Dame, etc.), des parcours d&rsquo;initiation \u00e0\u00a0 la foi (cat\u00e9chisme, cat\u00e9chum\u00e9nat, etc), des mouvements de jeunes (aum nerie, scoutisme, MEJ, etc.), retraites spirituelles dans des communaut\u00e9s proches (Verbe de Vie, Foyer de Charit\u00e9, \u00e0\u00a0 tous les  ges de la vie, la rencontre avec le Christ r\u00e9ssuscit\u00e9 est toujours possible.<br \/>\nSi vous n&rsquo;avez pas trouv\u00e9 votre voie dans l&rsquo;une ou l&rsquo;autre de ces diff\u00e9rentes activit\u00e9s d\u00e9crites dans ce site, sachez qu&rsquo;il existe les parcours spirituels comme le <span style=\"color:red\">Parcours <\/span><span style=\"color:green\">Alpha<\/span> ([www.parcoursalpha.fr->www.parcoursalpha.fr]). Mais de quoi s&rsquo;agit-il exactement et quelle proposition existe-t-il dans notre secteur?<br \/>\napr\u00e8s avoir lu la suite de l&rsquo;article, n&rsquo;h\u00e9sitez surtout pas \u00e9crire \u00e0\u00a0: <span style=\"color:blue\">alphacrecyqv@laposte.net<\/span>\n<\/div>\n<div align=\"justify\">\n<div align=\"center\"><img decoding=\"async\" src=\"\/IMG\/jpg\/Alpha_Classic.jpg\" width=300><\/div>\n<p><\/p>\n<div align=\"center\"><img decoding=\"async\" src=\"\/IMG\/jpg\/parcours.jpg\" width=450><\/div>\n<p><\/p>\n<p> <body style=\"color: rgb(0, 0, 0);\" alink=\"#ee0000\" link=\"#0000ee\"\nvlink=\"#551a8b\"><\/p>\n<h1 style=\"background-color: rgb(255, 237, 2); text-align: center;\"><big>Invitation<\/big><\/h1>\n<p> La Vall\u00e9e du Grand Morin,<br \/>\nSecteurs Paroissiaux de Cr\u00e9cy la Chapelle<br \/>\nEsbly<br \/>\nQuincy-Voisins-Couilly-St Germain<\/p>\n<p> Le parcours comprend une journ\u00e9e \u00e0  l&rsquo;ext\u00e9rieur : c&rsquo;est le moment cl\u00e9 qui est aussi un vrai temps de d\u00e9tente.<br \/>\n Alors r\u00e9servez d\u00e8s maintenant la date !<\/p>\n<p> Les rencontres ont lieu le lundi soir au 15, rue Carnot<br \/>\n\u00e0 Quincy-Voisins (77860) de 19h30 \u00e0 22h30.<\/p>\n<p> Apr\u00e8s la premi\u00e8re rencontre sur le th\u00e8me :<br \/>\n \u00ab Le christianisme :  faux, ennuyeux et d\u00e9pass\u00e9 ? \u00bb qui a eu lieu le  lundi 14 octobre 2013,<br \/>\n Voici les dates des prochaines rencontres que nous vous proposons:<br \/>\n Lundi 04\/11\/13: Qui est J\u00e9sus ?<br \/>\n Mercredi 13\/11\/13: Pourquoi J\u00e9sus est-il mort ?<br \/>\n Lundi 18\/11\/13: Comment puis-je \u00eatre s\u00fbr de ma foi ?<br \/>\n Lundi 25\/11\/13: Prier ? Pourquoi et comment ?<br \/>\n Lundi 2\/12\/13: Lire la Bible ? Pourquoi et Comment ?<br \/>\n Lundi 9\/12\/13: Comment Dieu nous guide-t-il ?<br \/>\n Dimanche 15\/12\/13: Journ\u00e9e sur L&rsquo;Esprit Saint<br \/>\n Lundi 16\/12\/13: Comment r\u00e9sister au mal ?<br \/>\n Lundi 06\/01\/2014: En parler aux autres : pourquoi et comment ?<br \/>\n Lundi 13\/01\/2014: Dieu gu\u00e9rit-il encore aujourd&rsquo;hui ?<br \/>\n Lundi 20\/01\/2014: Qu&rsquo;en est-il de l&rsquo;Eglise ?<\/p>\n<p> Aidez-nous \u00e0 pr\u00e9parer ces rencontres en nous pr\u00e9venant de votre pr\u00e9sence aux prochaines dates:<br \/>\n Par t\u00e9l : <span style=\"color:orange\">06 74 46 76 43<\/span><br \/>\n Par mail : <span style=\"color:blue\">alphacrecyqv@laposte.net<\/span><\/p>\n<p> Nous nous r\u00e9jouissons de vous retrouver bient\u00f4t !\n <\/p><\/div>\n","protected":false},"excerpt":{"rendered":"<p>Pour aller \u00e0\u00a0 la rencontre du Seigneur Notre Dieu, l&rsquo;Eglise en g\u00e9n\u00e9ral et la paroisse de Cr\u00e9cy en particulier proposent de nombreuses possibilit\u00e9s. Qu&rsquo;il s&rsquo;agisse des pr\u00e9parations aux diff\u00e9rents sacrements (bapt\u00eame, communion, confirmation, etc),&#46;&#46;&#46;<\/p>\n","protected":false},"author":2,"featured_media":0,"comment_status":"open","ping_status":"open","sticky":false,"template":"","format":"standard","meta":{"footnotes":""},"categories":[],"tags":[],"class_list":["post-644","post","type-post","status-publish","format-standard","hentry"],"_links":{"self":[{"href":"http:\/\/www.chapelle-crecy.com\/index.php?rest_route=\/wp\/v2\/posts\/644","targetHints":{"allow":["GET"]}}],"collection":[{"href":"http:\/\/www.chapelle-crecy.com\/index.php?rest_route=\/wp\/v2\/posts"}],"about":[{"href":"http:\/\/www.chapelle-crecy.com\/index.php?rest_route=\/wp\/v2\/types\/post"}],"author":[{"embeddable":true,"href":"http:\/\/www.chapelle-crecy.com\/index.php?rest_route=\/wp\/v2\/users\/2"}],"replies":[{"embeddable":true,"href":"http:\/\/www.chapelle-crecy.com\/index.php?rest_route=%2Fwp%2Fv2%2Fcomments&post=644"}],"version-history":[{"count":0,"href":"http:\/\/www.chapelle-crecy.com\/index.php?rest_route=\/wp\/v2\/posts\/644\/revisions"}],"wp:attachment":[{"href":"http:\/\/www.chapelle-crecy.com\/index.php?rest_route=%2Fwp%2Fv2%2Fmedia&parent=644"}],"wp:term":[{"taxonomy":"category","embeddable":true,"href":"http:\/\/www.chapelle-crecy.com\/index.php?rest_route=%2Fwp%2Fv2%2Fcategories&post=644"},{"taxonomy":"post_tag","embeddable":true,"href":"http:\/\/www.chapelle-crecy.com\/index.php?rest_route=%2Fwp%2Fv2%2Ftags&post=644"}],"curies":[{"name":"wp","href":"https:\/\/api.w.org\/{rel}","templated":true}]}}