{"id":645,"date":"2013-10-18T22:18:00","date_gmt":"2013-10-18T22:18:00","guid":{"rendered":""},"modified":"-0001-11-30T00:00:00","modified_gmt":"-0001-11-29T22:00:00","slug":"","status":"publish","type":"post","link":"http:\/\/www.chapelle-crecy.com\/?p=645","title":{"rendered":"Parole d&rsquo;\u00e9v\u00eaque"},"content":{"rendered":"<div align=\"justify\">Tout le monde conna\u00eet le plaisir que cultive notre nouvel \u00e9v\u00eaque Jean-Yves Nahmias \u00e0\u00a0 aller \u00e0\u00a0 la rencontre des jeunes. En seulement un an de pr\u00e9sence en Seine-et-Marne, on ne compte plus les rassemblements de jeunes qu&rsquo;il a organis\u00e9s \u00e0\u00a0 la Coll\u00e9giale ou \u00e0\u00a0 la Cath\u00e9drale, ces derniers mois. Il ne manque pas une occasion, \u00e0\u00a0 la fin d&rsquo;une c\u00e9r\u00e9monie ou d&rsquo;un rassemblement, d&rsquo;interpeler tel ou telle et d&rsquo;entamer un \u00e9change. Il a m\u00eame effectu\u00e9 cet \u00e9t\u00e9, le d\u00e9placement \u00e0\u00a0 Rio pour accompagner 80 jeunes seine-et-marnais pour les Journ\u00e9es Mondiales de la Jeunesse (JMJ). Et puis hier soir, c&rsquo;est avec une joie non dissimul\u00e9e qu&rsquo;il a pris le temps, avec les futurs confirmants d&rsquo;expliquer et de r\u00e9affirmer, dans un langage simple, le sens de ce beau sacrement de la confirmation. Voici l&rsquo;essentiel de son propos &#8230;<\/div>\n<div align=\"justify\">\n <span style=\"color:red\">Chers jeunes,<\/span><br \/>\n Vous allez recevoir dimanche le sacrement de la confirmation. Il faut que vous acceptiez que Dieu agisse en chacun de vous. Pour chacun, il faut que cette d\u00e9marche de recevoir la confirmation soit un acte libre. Ainsi, l&rsquo;occasion est donn\u00e9e \u00e0 chacun de vous de penser que tu peux changer ton coeur de pierre en un coeur qui aime.<br \/>\n Au cours de ce sacrement (c&rsquo;est Dieu qui se donne), Dieu fait l&rsquo;action de donner l&rsquo;Esprit Saint. Moi, l&rsquo;\u00e9v\u00eaque, je suis le serviteur, l&rsquo;instrument qui va permettre \u00e0 Dieu que sa force vienne sur toi. Et toi, cher jeune, il faut que tu veuilles librement recevoir ce don de Dieu.<br \/>\n Pendant la c\u00e9r\u00e9monie, il y aura 2 moments importants au cours duquel je te demande d&rsquo;\u00eatre particuli\u00e8rement attentif:<br \/>\n&#8211; la chrismation (onction du Saint Chr\u00eame);<br \/>\n&#8211; l&rsquo;appel par ton pr\u00e9nom;<br \/>\n Ces 2 instants sont uniques et personnels. Il faut que vous sachiez que Dieu vous conna \u00eet chacun par votre pr\u00e9nom, et que, vous \u00eates vraiment dans le coeur de Dieu.<br \/>\n Ensuite, au cours de la profession de foi des ap\u00f4tres, vous rejetterez le Mal et vous renouvellerez votre foi en Dieu.<br \/>\n <span style=\"color:blue\"> La foi, on ne l&rsquo;invente pas, on la re\u00e7oit et on la transmet.<\/span><\/p>\n<p> <span style=\"color:red\">Mission en Actes<\/span><br \/>\n La veille de votre confirmation, le 19 octobre, aura lieu le lancement du synode dioc\u00e9sain \u00e0 la cath\u00e9drale de Meaux, Mission en Actes.<br \/>\n Vous savez, depuis un an que je suis en Seine-et-Marne, je peux vous affirmer que la foi est vive dans le coeur des gens de ce d\u00e9partement. J&rsquo;ai vu beaucoup de jeunes qui rayonnent de l&rsquo;Evangile.<br \/>\n Alors, j&rsquo;ai souhait\u00e9 encourager cet \u00e9lan par un travail de r\u00e9flexion et d&rsquo;action. Il s&rsquo;agira de se poser la question: \u00ab\u00a0Comment je mets en acte, le fait d&rsquo;\u00eatre t\u00e9moin du Christ dans ma vie de tous les jours?\u00a0\u00bb<br \/>\n Ma mission d&rsquo;\u00e9v\u00eaque est de conforter la foi de mes dioc\u00e9sains et de les envoyer en mission. Il faut que chacun aille \u00e0 la rencontre de ceux qui ne connaissent pas le Christ. Il nous faut transmettre cette joie que nous avons de conna \u00eetre Dieu. Et puis, il faut aussi m\u00e9diter la Parole de Dieu pour voir comment J\u00e9sus, dans la Bible, va \u00e0 la rencontre de l&rsquo;autre. Ainsi, nous r\u00e9aliserons comment la rencontre avec l&rsquo;autre nous invite \u00e0 changer notre coeur. <\/p>\n<p> <span style=\"color:red\">Mon retour des JMJ \u00e0 Rio<\/span><br \/>\n Je suis parti au Br\u00e9sil cet \u00e9t\u00e9 avec 80 jeunes du 77. Ce qui m&rsquo;a marqu\u00e9, c&rsquo;est la simplicit\u00e9 du pape, sa proximit\u00e9, son langage direct aux jeunes en leur confiant l&rsquo;Eglise et la transformation du monde, en s&rsquo;appuyant sur le Christ. Avec son langage parfois d\u00e9capant, vous savez ce qu&rsquo;il a conseill\u00e9 \u00e0 vous les jeunes? Je vous le dis?<br \/>\n <span style=\"color:blue\">\u00ab\u00a0Allez mettre la pagaille dans l&rsquo;Eglise !\u00a0\u00bb<\/span><br \/>\n Le pape compte sur votre jeunesse, votre courage et votre enthousiasme pour transformer la vie de l&rsquo;Eglise par votre dynamisme.<\/p>\n<p> <span style=\"color:red\">En conclusion<\/span><br \/>\n Vous avez chacun en vous des dons et des qualit\u00e9s, ce sont les talents que Dieu a mis dans chacun de votre coeur. Ne les \u00e9touffez pas, mais d\u00e9ployez-les avec la force de l&rsquo;Esprit Saint. Nous sommes tous diff\u00e9rents et pourtant, nous sommes tous dans la communion, nous sommes tous appel\u00e9s \u00e0 construire le Corps du Christ. En un mot, devenez toujours plus vous-m\u00eame !<\/p>\n<p> Propos de Mgr Jean-Yves Nahmias recueillis par Jo\u00ebl <\/p><\/div>\n","protected":false},"excerpt":{"rendered":"<p>Tout le monde conna\u00eet le plaisir que cultive notre nouvel \u00e9v\u00eaque Jean-Yves Nahmias \u00e0\u00a0 aller \u00e0\u00a0 la rencontre des jeunes. En seulement un an de pr\u00e9sence en Seine-et-Marne, on ne compte plus les rassemblements&#46;&#46;&#46;<\/p>\n","protected":false},"author":2,"featured_media":0,"comment_status":"open","ping_status":"open","sticky":false,"template":"","format":"standard","meta":{"footnotes":""},"categories":[],"tags":[],"class_list":["post-645","post","type-post","status-publish","format-standard","hentry"],"_links":{"self":[{"href":"http:\/\/www.chapelle-crecy.com\/index.php?rest_route=\/wp\/v2\/posts\/645","targetHints":{"allow":["GET"]}}],"collection":[{"href":"http:\/\/www.chapelle-crecy.com\/index.php?rest_route=\/wp\/v2\/posts"}],"about":[{"href":"http:\/\/www.chapelle-crecy.com\/index.php?rest_route=\/wp\/v2\/types\/post"}],"author":[{"embeddable":true,"href":"http:\/\/www.chapelle-crecy.com\/index.php?rest_route=\/wp\/v2\/users\/2"}],"replies":[{"embeddable":true,"href":"http:\/\/www.chapelle-crecy.com\/index.php?rest_route=%2Fwp%2Fv2%2Fcomments&post=645"}],"version-history":[{"count":0,"href":"http:\/\/www.chapelle-crecy.com\/index.php?rest_route=\/wp\/v2\/posts\/645\/revisions"}],"wp:attachment":[{"href":"http:\/\/www.chapelle-crecy.com\/index.php?rest_route=%2Fwp%2Fv2%2Fmedia&parent=645"}],"wp:term":[{"taxonomy":"category","embeddable":true,"href":"http:\/\/www.chapelle-crecy.com\/index.php?rest_route=%2Fwp%2Fv2%2Fcategories&post=645"},{"taxonomy":"post_tag","embeddable":true,"href":"http:\/\/www.chapelle-crecy.com\/index.php?rest_route=%2Fwp%2Fv2%2Ftags&post=645"}],"curies":[{"name":"wp","href":"https:\/\/api.w.org\/{rel}","templated":true}]}}