{"id":649,"date":"2013-10-31T02:23:16","date_gmt":"2013-10-31T02:23:16","guid":{"rendered":""},"modified":"-0001-11-30T00:00:00","modified_gmt":"-0001-11-29T22:00:00","slug":"","status":"publish","type":"post","link":"http:\/\/www.chapelle-crecy.com\/?p=649","title":{"rendered":"Aujourd&rsquo;hui 31 octobre nous f\u00eatons la fin du mois du Rosaire"},"content":{"rendered":"<div align=\"justify\">\nLe Rosaire est une pri\u00e8re dite dans toute l&rsquo;Eglise. Elle est christocentrique, m\u00e9ditative et r\u00e9p\u00e9titive, c&rsquo;est \u00e0\u00a0 dire qu&rsquo;\u00e0\u00a0 travers la r\u00e9p\u00e9tition de quelques dizaines de \u00ab\u00a0Je vous salue Marie\u00a0\u00bb, on m\u00e9dite la vie de J\u00e9sus-Christ.<br \/>\nTraditionnellement, le Rosaire se compose de trois \u00ab\u00a0dizaines\u00a0\u00bb de chapelets, correspondant chacun \u00e0\u00a0 une s\u00e9rie de cinq myst\u00e8res:<br \/>\n1. <span style=\"color:red\">les 5 myst\u00e8res joyeux<\/span>, concernant l&rsquo;Incarnation et la vie cach\u00e9e de J\u00e9sus,<br \/>\n2. <span style=\"color:red\">les 5 myst\u00e8res douloureux<\/span>, pour la Passion,<br \/>\n3. et enfin <span style=\"color:red\">les 5 myst\u00e8res glorieux<\/span> pour le triomphe de la R\u00e9surrection.<br \/>\nDans la lettre apostolique Rosarium Virginis Mariae du 16 octobre 2002, le Pape Jean-Paul II a rajout\u00e9 une quatri\u00e8me s\u00e9rie de myst\u00e8res:<br \/>\n<span style=\"color:red\">les 5 myst\u00e8res lumineux<\/span>, pour la vie publique de J\u00e9sus.<br \/>\nA Cr\u00e9cy, il existe une \u00e9quipe du Rosaire qui se r\u00e9unit chez Mme Louis et chez Marie-Madeleine Travet, en moyenne une fois par mois, pour prier ensemble. La pri\u00e8re du Rosaire, mais aussi lecture et m\u00e9ditation d&rsquo;un texte de la Bible, partages, pri\u00e8re pour le monde, pour nos proches, etc. N\u00e9es en 1955 pour rejoindre les personnes \u00e9loign\u00e9es de l&rsquo;\u00e9glise, les \u00e9quipes du Rosaire se trouvent en plein accord avec le souci des \u00e9v\u00eaques de proposer la foi dans la soci\u00e9t\u00e9 actuelle.<\/p>\n<\/div>\n<div align=\"justify\">\n Il y a 10 ans en Octobre 2003, se terminait l&rsquo;ANNEE du ROSAIRE, qui avait \u00e9t\u00e9 promulgu\u00e9e par Jean Paul II le 16 Octobre 2002 (ann\u00e9e du Rosaire d&rsquo;Octobre 2002 \u00e0 Octobre 2003)<\/p>\n<p> Voici ce qu&rsquo;\u00e9crivait Jean Paul II dans l&rsquo;introduction de sa Lettre Apostolique \u00ab\u00a0Rosarium Virginis Mariae\u00a0\u00bb avec laquelle il la promulguait:<\/p>\n<p>&#8211; \u00ab\u00a0le Rosaire est ma pri\u00e8re pr\u00e9f\u00e9r\u00e9e. C&rsquo;est une pri\u00e8re merveilleuse. Merveilleuse de simplicit\u00e9 et de profondeur\u00a0\u00bb<\/p>\n<p>&#8211; \u00ab\u00a0Le Rosaire conduit au coeur m\u00eame de la vie chr\u00e9tienne, et offre une occasion spirituelle et p\u00e9dagogique ordinaire particuli\u00e8rement f\u00e9conde pour la contemplation personnelle, la formation du peuple de Dieu et la nouvelle \u00e9vang\u00e9lisation\u00a0\u00bb<\/p>\n<p>\u00a0\u00bb La raison la plus importante de red\u00e9couvrir avec force la pratique du Rosaire est le fait que ce dernier constitue un moyen tr\u00e8s valable pour favoriser chez les fid\u00e8les l&rsquo;engagement de contemplation du myst\u00e8re chr\u00e9tien que j&rsquo;ai propos\u00e9 comme une authentique p\u00e9dagogie de saintet\u00e9. Il faut un christianisme qui se distingue avant tout dans l&rsquo;art de la pri\u00e8re\u00a0\u00bb<\/p>\n<p>&#8211; \u00ab\u00a0Il serait impossible de citer la nu\u00e9e innombrable de saints qui ont trouv\u00e9 dans le Rosaire une authentique voie de sanctification. Il suffira de rappeler Saint Louis Grignon de Montfort, et plus pr\u00e8s de nous Padre Pio de Pietrelcina. Le bienheureux Bartolo Longo eut un charisme sp\u00e9cial, celui de v\u00e9ritable ap\u00f4tre du Rosaire, son chemin de saintet\u00e9 s&rsquo;appuie sur une inspiration entendue au plus profond de son coeur : \u00ab\u00a0Qui propage le Rosaire est sauv\u00e9!\u00a0\u00bb<\/p>\n<p> Rappelons nous \u00e9galement le testament spirituel de Padre Pio: \u00ab\u00a0Aimez la Madone et faites La aimer. R\u00e9citez toujours le Rosaire\u00a0\u00bb<\/p>\n<p> et l&rsquo;hom\u00e9lie du Pape Fran\u00e7ois place Saint-Pierre le 15 ao\u00fbt: \u00ab\u00a0Ecoutez- moi bien: le Rosaire! &#8230; Priez-vous chaque jour le Rosaire?\u00a0\u00bb<\/p>\n<p> Congr\u00e8s National des Groupes de Pri\u00e8re Padre Pio \u00e0 ARS : les 23 et 24 Novembre<br \/>\n Il sera pr\u00e9sid\u00e9 par Monseigneur Michele Castoro, Archev\u00eaque de San Giovanni Rotondo, Directeur G\u00e9n\u00e9ral du Centre International des Groupes de Pri\u00e8re Padre Pio et Pr\u00e9sident de l&rsquo;Oeuvre de la Casa Sollievo della Sofferenza,<\/p>\n<p>seront aussi notamment pr\u00e9sents Padre Carlo Maria Laborde, secr\u00e9taire g\u00e9n\u00e9ral des Groupes de Pri\u00e8re Padre Pio, et le P\u00e8re Jean-Micka\u00ebl Munier, coordinateur des Groupes de Pri\u00e8re Padre Pio pour la France et Vicaire g\u00e9n\u00e9ral \u00e0 Nancy.<\/p>\n<p>Programme :    <\/p>\n<p>Samedi 23 Novembre :<br \/>\n  6 h 30<br \/>\n                                                                                              D\u00e9part en car de Denfert-Rochereau<\/p>\n<p>14 h 00 \u00e0 14 h 30<br \/>\n Accueil des p\u00e8lerins<\/p>\n<p>14 h 30 \u00e0 15 h 00<br \/>\n Accueil officiel<\/p>\n<p>15 h 00 \u00e0 16 h 00<br \/>\n 1\u00e8re conf\u00e9rence : La Foi de Padre Pio<\/p>\n<p>16 h 30 \u00e0 17 h 30<br \/>\n 2\u00e8me conf\u00e9rence : La Nuit de la Foi de Padre Pio<\/p>\n<p>19 h 00<br \/>\n D \u00eener<\/p>\n<p>20 h 30 \u00e0 21 h 30<br \/>\n Veill\u00e9e Adoration + Confessions<\/p>\n<p>Dimanche 24 Novembre :<\/p>\n<p>08 h 00<br \/>\n Petit d\u00e9jeuner<\/p>\n<p>09 h 00<br \/>\n Laudes<\/p>\n<p>09 h 30 \u00e0 10 h 30<br \/>\n 3\u00e8me conf\u00e9rence : la Foi dans les groupes<\/p>\n<p>11 h 00 \u00e0 12 h 00<br \/>\n Messe dominicale<\/p>\n<p>12 h 30<br \/>\n D\u00e9jeuner<\/p>\n<p>14 h 30 \u00e0 15 h 30<br \/>\n Chapelet et Envoi<\/p>\n<p>vers 21 h 30<br \/>\n Arriv\u00e9e \u00e0 Paris<\/p>\n<p> Le prix, d\u00e9part de Paris, est de 120 \u00e2\u201a\u00ac<br \/>\n Ce prix comprend : le d\u00e9placement en car, le Souper du samedi soir, la Nuit du samedi au dimanche (en chambre double), le petit d\u00e9jeuner, le D\u00e9jeuner du dimanche midi (repas du samedi midi : non compris, amener son repas froid) <\/p>\n<p> Contact pour informations et inscriptions: padrepio-paris@num\u00e9ricable.fr  ou tel : 06 75 60 32 26<\/p>\n<\/div>\n","protected":false},"excerpt":{"rendered":"<p>Le Rosaire est une pri\u00e8re dite dans toute l&rsquo;Eglise. Elle est christocentrique, m\u00e9ditative et r\u00e9p\u00e9titive, c&rsquo;est \u00e0\u00a0 dire qu&rsquo;\u00e0\u00a0 travers la r\u00e9p\u00e9tition de quelques dizaines de \u00ab\u00a0Je vous salue Marie\u00a0\u00bb, on m\u00e9dite la vie&#46;&#46;&#46;<\/p>\n","protected":false},"author":2,"featured_media":0,"comment_status":"open","ping_status":"open","sticky":false,"template":"","format":"standard","meta":{"footnotes":""},"categories":[],"tags":[],"class_list":["post-649","post","type-post","status-publish","format-standard","hentry"],"_links":{"self":[{"href":"http:\/\/www.chapelle-crecy.com\/index.php?rest_route=\/wp\/v2\/posts\/649","targetHints":{"allow":["GET"]}}],"collection":[{"href":"http:\/\/www.chapelle-crecy.com\/index.php?rest_route=\/wp\/v2\/posts"}],"about":[{"href":"http:\/\/www.chapelle-crecy.com\/index.php?rest_route=\/wp\/v2\/types\/post"}],"author":[{"embeddable":true,"href":"http:\/\/www.chapelle-crecy.com\/index.php?rest_route=\/wp\/v2\/users\/2"}],"replies":[{"embeddable":true,"href":"http:\/\/www.chapelle-crecy.com\/index.php?rest_route=%2Fwp%2Fv2%2Fcomments&post=649"}],"version-history":[{"count":0,"href":"http:\/\/www.chapelle-crecy.com\/index.php?rest_route=\/wp\/v2\/posts\/649\/revisions"}],"wp:attachment":[{"href":"http:\/\/www.chapelle-crecy.com\/index.php?rest_route=%2Fwp%2Fv2%2Fmedia&parent=649"}],"wp:term":[{"taxonomy":"category","embeddable":true,"href":"http:\/\/www.chapelle-crecy.com\/index.php?rest_route=%2Fwp%2Fv2%2Fcategories&post=649"},{"taxonomy":"post_tag","embeddable":true,"href":"http:\/\/www.chapelle-crecy.com\/index.php?rest_route=%2Fwp%2Fv2%2Ftags&post=649"}],"curies":[{"name":"wp","href":"https:\/\/api.w.org\/{rel}","templated":true}]}}