{"id":650,"date":"2013-11-01T01:20:00","date_gmt":"2013-11-01T01:20:00","guid":{"rendered":""},"modified":"-0001-11-30T00:00:00","modified_gmt":"-0001-11-29T22:00:00","slug":"","status":"publish","type":"post","link":"http:\/\/www.chapelle-crecy.com\/?p=650","title":{"rendered":"Appel universel \u00e0\u00a0 la saintet\u00e9"},"content":{"rendered":"<div align=\"justify\"><span style=\"color:red\">Qu&rsquo;est-ce que la saintet\u00e9?<\/span><br \/>\nChacun de nous, en fonction de son \u00e9tat de vie, est appel\u00e9 \u00e0\u00a0 la saintet\u00e9, c&rsquo;est-\u00e0\u00a0-dire la perfection de la charit\u00e9, cette charit\u00e9 qui est l&rsquo;amour m\u00eame de Dieu. Il s&rsquo;agit donc de faire grandir en nous cette capacit\u00e9 \u00e0\u00a0 se laisser remplir par la gr ce et l&rsquo;Amour de Dieu. Le Seigneur nous donne \u00e0\u00a0 chacun, au pr\u00eatre, \u00e0\u00a0 la m\u00e8re de famille, \u00e0\u00a0 l&rsquo;enfant, qui que nous soyons, la possibilit\u00e9 d&rsquo;\u00eatre des saints.<br \/>\n<span style=\"color:red\">Que faire alors pour devenir saint?<\/span><br \/>\nEn toute situation de vie, la saintet\u00e9 consiste \u00e0\u00a0 toujours chercher \u00e0\u00a0 faire le bien, \u00e0\u00a0 imiter le Christ. Cela passe par la pri\u00e8re, par un attachement tout particulier \u00e0\u00a0 l&rsquo;Eglise, par la volont\u00e9 de se laisser saisir par l&rsquo;amour du Christ, par une attention \u00e0\u00a0 l&rsquo;autre.<br \/>\n<span style=\"color:red\">Bonne f\u00eate de la Toussaint \u00e0\u00a0 vous tous !<\/span><br \/>\nDe nombreux saints connus ou inconnus nous ont pr\u00e9c\u00e9d\u00e9s: Sainte Th\u00e9r\u00e8se de Lisieux, Saint Fran\u00e7ois de Sales, Sainte Bernadette de Lourdes, Saint Fiacre, (pour ne citer qu&rsquo;eux), etc &#8230; et bient t Jean-Paul II !<br \/>\nEn ce vendredi de la Toussaint, nous honorerons avec ferveur cette cohorte innombrable de saints. Mais, nous prierons aussi pour nous qui sommes appel\u00e9s \u00e0\u00a0 la saintet\u00e9.<br \/>\nRetrouvez la pri\u00e8re du chapelet de Lourdes sur les sites de<br \/>\n&#8211; Radio Notre-Dame [chapelet-en-direct-de-lourdes\/05-11-2013-> http:\/\/radionotredame.net\/emission\/chapelet-en-direct-de-lourdes\/05-11-2013]<br \/>\n&#8211; KTO [http:\/\/www.ktotv.com->http:\/\/www.ktotv.com]<br \/>\n&#8211; Sanctuaires de Lourdes [www.lourdes-france.org->www.lourdes-france.org]<br \/>\nSoyons tous en Union de Pri\u00e8res.\n<\/div>\n<p>PRIERES DU CHAPELET<\/p>\n<p> LE SIGNE DE LA CROIX<br \/>\n Au nom du P\u00e8re, du Fils et du Saint-Esprit. Amen.<\/p>\n<p> LE \u00ab\u00a0JE CROIS EN DIEU\u00a0\u00bb<\/p>\n<p> Je crois en Dieu, le P\u00e8re tout-puissant, cr\u00e9ateur du ciel et de la terre; et en J\u00e9sus-Christ, son Fils unique, notre Seigneur; qui a \u00e9t\u00e9 con\u00e7u du Saint-Esprit, est n\u00e9 de la Vierge Marie; a souffert sous Ponce Pilate, a \u00e9t\u00e9 crucifi\u00e9, est mort et a \u00e9t\u00e9 enseveli; est descendu aux enfers, le troisi\u00e8me jour est ressuscit\u00e9 des morts, est mont\u00e9 aux cieux, est assis \u00e0 la droite de Dieu, le P\u00e8re tout-puissant, d&rsquo;o\u00f9 il viendra juger les vivants et les morts.<br \/>\n *Je crois au Saint-Esprit, \u00e0 la sainte Eglise catholique, \u00e0 la communion des saints, \u00e0 la r\u00e9mission des p\u00e9ch\u00e9s, \u00e0 la r\u00e9surrection de la chair, \u00e0 la vie \u00e9ternelle. Amen.<\/p>\n<p> NOTRE P\u00c3\u02c6RE<\/p>\n<p> Notre P\u00e8re, qui es aux cieux, que ton nom soit sanctifi\u00e9, que ton r\u00e8gne vienne, que ta volont\u00e9 soit faite sur la terre comme au ciel.<br \/>\n *Donne-nous aujourd&rsquo;hui notre pain de ce jour, pardonne-nous nos offenses, comme nous pardonnons aussi \u00e0 ceux qui nous ont offens\u00e9s, et ne nous soumets pas \u00e0 la tentation, mais d\u00e9livre-nous du mal. Amen.<\/p>\n<p> JE VOUS SALUE MARIE<\/p>\n<p> Je vous salue Marie, pleine de gr\u00e2ce, le Seigneur est avec vous, vous \u00eates b\u00e9nie entre toutes les femmes, et J\u00e9sus, le fruit de vos entrailles, est b\u00e9ni.<br \/>\n *Sainte Marie, m\u00e8re de Dieu, priez pour nous pauvres p\u00e9cheurs, maintenant et \u00e0 l&rsquo;heure de notre mort. Amen.<\/p>\n<p> GLOIRE SOIT AU P\u00c3\u02c6RE<\/p>\n<p> Gloire soit au P\u00e8re, et au Fils, et au Saint-Esprit.<br \/>\n *Comme il etait au commencement, comme il est maintenant et pour toujours, dans les si\u00e8cles des si\u00e8cles. Amen.<\/p>\n<p> SALUT  REINE<\/p>\n<p> Salut, \u00f4 Reine, M\u00e8re de mis\u00e9ricorde, notre vie, notre douceur et notre esp\u00e9rance, salut. Enfants d&rsquo;\u00c3\u02c6ve, malheureux exil\u00e9s, nous \u00e9levons nos cris vers toi; nous soupirons vers toi, g\u00e9missant et pleurant dans cette vall\u00e9e de larmes.  notre avocate, tourne donc vers nous tes regards mis\u00e9ricordieux, et au sortir de cet exil montre-nous J\u00e9sus, le fruit b\u00e9ni de tes entrailles.  cl\u00e9mente, \u00f4 charitable, \u00f4 douce Vierge Marie. Prie pour nos, sainte M\u00e8re de Dieu. Afin que nous devenions dignes des promesses du Christ.<\/p>\n<p> Remarque: Quand deux ou plusieurs personnes r\u00e9citent le chapelet ensemble, une d&rsquo;elle r\u00e9cite la premi\u00e8re partie de la pri\u00e8re (jusqu&rsquo;\u00e0 l&rsquo;ast\u00e9risque *), et les autres la deuxi\u00e8me partie.<br \/>\nLes pri\u00e8res \u00a0\u00bb mon Jesus\u00a0\u00bb, et le \u00ab\u00a0Salue \u00f4 Reine\u00a0\u00bb sont r\u00e9cit\u00e9es par tous.<\/p>\n","protected":false},"excerpt":{"rendered":"<p>Qu&rsquo;est-ce que la saintet\u00e9? Chacun de nous, en fonction de son \u00e9tat de vie, est appel\u00e9 \u00e0\u00a0 la saintet\u00e9, c&rsquo;est-\u00e0\u00a0-dire la perfection de la charit\u00e9, cette charit\u00e9 qui est l&rsquo;amour m\u00eame de Dieu. Il&#46;&#46;&#46;<\/p>\n","protected":false},"author":2,"featured_media":0,"comment_status":"open","ping_status":"open","sticky":false,"template":"","format":"standard","meta":{"footnotes":""},"categories":[],"tags":[],"class_list":["post-650","post","type-post","status-publish","format-standard","hentry"],"_links":{"self":[{"href":"http:\/\/www.chapelle-crecy.com\/index.php?rest_route=\/wp\/v2\/posts\/650","targetHints":{"allow":["GET"]}}],"collection":[{"href":"http:\/\/www.chapelle-crecy.com\/index.php?rest_route=\/wp\/v2\/posts"}],"about":[{"href":"http:\/\/www.chapelle-crecy.com\/index.php?rest_route=\/wp\/v2\/types\/post"}],"author":[{"embeddable":true,"href":"http:\/\/www.chapelle-crecy.com\/index.php?rest_route=\/wp\/v2\/users\/2"}],"replies":[{"embeddable":true,"href":"http:\/\/www.chapelle-crecy.com\/index.php?rest_route=%2Fwp%2Fv2%2Fcomments&post=650"}],"version-history":[{"count":0,"href":"http:\/\/www.chapelle-crecy.com\/index.php?rest_route=\/wp\/v2\/posts\/650\/revisions"}],"wp:attachment":[{"href":"http:\/\/www.chapelle-crecy.com\/index.php?rest_route=%2Fwp%2Fv2%2Fmedia&parent=650"}],"wp:term":[{"taxonomy":"category","embeddable":true,"href":"http:\/\/www.chapelle-crecy.com\/index.php?rest_route=%2Fwp%2Fv2%2Fcategories&post=650"},{"taxonomy":"post_tag","embeddable":true,"href":"http:\/\/www.chapelle-crecy.com\/index.php?rest_route=%2Fwp%2Fv2%2Ftags&post=650"}],"curies":[{"name":"wp","href":"https:\/\/api.w.org\/{rel}","templated":true}]}}