{"id":652,"date":"2013-11-18T22:08:00","date_gmt":"2013-11-18T22:08:00","guid":{"rendered":""},"modified":"-0001-11-30T00:00:00","modified_gmt":"-0001-11-29T22:00:00","slug":"","status":"publish","type":"post","link":"http:\/\/www.chapelle-crecy.com\/?p=652","title":{"rendered":"Concert \u00ab\u00a0Anguelos\u00a0\u00bb exceptionnel \u00e0\u00a0 l&rsquo;\u00e9glise St Denis de Quincy-Voisins"},"content":{"rendered":"<div align=\"justify\">\n<div align=\"center\"><img decoding=\"async\" src=\"\/IMG\/jpg\/orgue.jpg\n\" width=300><\/div>\n<div align=\"center\"><img decoding=\"async\" src=\"\/IMG\/jpg\/MLB.jpg\n\" width=300><\/div>\n<p>Dans la suite de l&rsquo;article, retrouvez la pr\u00e9sentation originale du programme que l&rsquo;association Anguelos vous a concoct\u00e9e&#8230;\n<\/p><\/div>\n<div align=\"justify\">\n L&rsquo;Association Angu\u00e9los invite tous les amateurs de musique classique de la r\u00e9gion \u00e0 un grand concert mariant l&rsquo;Ensemble Vocal Angu\u00e9los sous  la direction de Val\u00e9ry Aubertin, la voix de la soprane Nad\u00e8ge Bensimon, le chant des violons de Lucie Bessi\u00e8re, d&rsquo;H\u00e9l\u00e9na Morag, et les sonorit\u00e9s de l&rsquo;orgue de Quincy-Voisins sous les doigts de Catherine Lehnert-Tankovic et de Val\u00e9ry Aubertin.<\/p>\n<p> Un programme tr\u00e8s marqu\u00e9 par la musique italienne avec le v\u00e9nitien Vivaldi, (extraits des quatre saisons entre autres), le napolitain Scarlatti, mais aussi Pergol\u00e8se natif de la r\u00e9gion d&rsquo;Anc\u00f4me, et Cimarosa n\u00e9 \u00e0 Naples au 18\u00e8me si\u00e8cle.<br \/>\n Georg- Friedrich Haendel nous fera faire un petit tour au travers de l&rsquo; Europe: l&rsquo;Allemagne, le pays de sa naissance, puis l&rsquo;Angleterre apr\u00e8s 3 ans de s\u00e9jour en Italie, finalement c&rsquo;est Val\u00e9ry Aubertin nous ram\u00e8nera en France.<\/p>\n<p> Pensez \u00e0 pr\u00e9venir vos amis et connaissances, depuis bient\u00f4t 25 ans Angu\u00e9los organise des soir\u00e9es ou des apr\u00e8s-midi musicales qui attirent de nombreux amateurs de musique et mettent \u00e0 l&rsquo;honneur les grands musiciens fran\u00e7ais et europ\u00e9ens.<\/p>\n<p> Merci de nous r\u00e9server votre apr\u00e8s-midi, nous serons tous tr\u00e8s heureux de vous retrouver.<\/p>\n<p> Entr\u00e9e :  plein tarif 13euros<br \/>\n tarif r\u00e9duit 11 euros<br \/>\n gratuit : moins de 15 ans, personne handicap\u00e9e et demandeur d&#8217;emploi (sur justificatif)\n<\/p><\/div>\n","protected":false},"excerpt":{"rendered":"<p>Dans la suite de l&rsquo;article, retrouvez la pr\u00e9sentation originale du programme que l&rsquo;association Anguelos vous a concoct\u00e9e&#8230; L&rsquo;Association Angu\u00e9los invite tous les amateurs de musique classique de la r\u00e9gion \u00e0 un grand concert mariant&#46;&#46;&#46;<\/p>\n","protected":false},"author":2,"featured_media":0,"comment_status":"open","ping_status":"open","sticky":false,"template":"","format":"standard","meta":{"footnotes":""},"categories":[],"tags":[],"class_list":["post-652","post","type-post","status-publish","format-standard","hentry"],"_links":{"self":[{"href":"http:\/\/www.chapelle-crecy.com\/index.php?rest_route=\/wp\/v2\/posts\/652","targetHints":{"allow":["GET"]}}],"collection":[{"href":"http:\/\/www.chapelle-crecy.com\/index.php?rest_route=\/wp\/v2\/posts"}],"about":[{"href":"http:\/\/www.chapelle-crecy.com\/index.php?rest_route=\/wp\/v2\/types\/post"}],"author":[{"embeddable":true,"href":"http:\/\/www.chapelle-crecy.com\/index.php?rest_route=\/wp\/v2\/users\/2"}],"replies":[{"embeddable":true,"href":"http:\/\/www.chapelle-crecy.com\/index.php?rest_route=%2Fwp%2Fv2%2Fcomments&post=652"}],"version-history":[{"count":0,"href":"http:\/\/www.chapelle-crecy.com\/index.php?rest_route=\/wp\/v2\/posts\/652\/revisions"}],"wp:attachment":[{"href":"http:\/\/www.chapelle-crecy.com\/index.php?rest_route=%2Fwp%2Fv2%2Fmedia&parent=652"}],"wp:term":[{"taxonomy":"category","embeddable":true,"href":"http:\/\/www.chapelle-crecy.com\/index.php?rest_route=%2Fwp%2Fv2%2Fcategories&post=652"},{"taxonomy":"post_tag","embeddable":true,"href":"http:\/\/www.chapelle-crecy.com\/index.php?rest_route=%2Fwp%2Fv2%2Ftags&post=652"}],"curies":[{"name":"wp","href":"https:\/\/api.w.org\/{rel}","templated":true}]}}