{"id":653,"date":"2013-11-08T18:10:00","date_gmt":"2013-11-08T18:10:00","guid":{"rendered":""},"modified":"-0001-11-30T00:00:00","modified_gmt":"-0001-11-29T22:00:00","slug":"","status":"publish","type":"post","link":"http:\/\/www.chapelle-crecy.com\/?p=653","title":{"rendered":"L&rsquo;Equipe du Secours Catholique de Cr\u00e9cy-la-Chapelle mobilis\u00e9e pour sa grande collecte \u00c2\u00ab Une Boite pour Partager \u00c2\u00bb et pour les victimes du typhon des Philippines"},"content":{"rendered":"<div align=\"justify\"><span style=\"color:red\"><br \/>\nLe samedi 16 novembre toute la journ\u00e9e et le matin du dimanche 17 novembre  2013, nous serons \u00e0\u00a0 l&rsquo;entr\u00e9e des magasins Intermarch\u00e9, Carrefour City et Super U.<\/span><br \/>\nDe sympathiques b\u00e9n\u00e9voles r\u00e9colteront vos dons en produits alimentaires (non p\u00e9rissables), produits d&rsquo;hygi\u00e8ne, et produits d&rsquo;entretien.<br \/>\nLe Secours Catholique de Cr\u00e9cy-la-Chapelle, apporte de l&rsquo;aide alimentaire aux familles et personnes seules victimes de la pr\u00e9carit\u00e9 dans nos villages, uniquement gr ce \u00e0\u00a0 votre g\u00e9n\u00e9rosit\u00e9.<br \/>\n<span style=\"color:green\"><br \/>\nSoyez solidaire Partagez votre caddie ! Participez \u00e0\u00a0 la collecte<br \/>\nUn grand merci pour votre g\u00e9n\u00e9rosit\u00e9 !<\/span><br \/>\nSecours Catholique 45, rue du G\u00e9n\u00e9ral Leclerc 77580 Cr\u00e9cy-la-Chapelle<br \/>\n<span style=\"color:blue\"><br \/>\n(soutien scolaire, accueil et \u00e9coute, aide financi\u00e8re et aide aux d\u00e9marches administratives, alphab\u00e9tisation, aide alimentaire, visite \u00e0\u00a0 domicile, ateliers).<\/span><br \/>\nContact:<br \/>\nT\u00e9l : 01.75.78.38.63<br \/>\nE-mail: <span style=\"color:blue\"><br \/>\nsc77.crecy@sfr.fr<\/span><br \/>\nPermanence: le lundi de 15h \u00e0\u00a0 17h30 et<br \/>\nle samedi de 9h30 \u00e0\u00a0 12h et<br \/>\nsur rendez-vous.<br \/>\nDans la suite de l&rsquo;article, veuillez prendre note du communiqu\u00e9 de l&rsquo;antenne nationale du Secours Catholique.\n<\/div>\n<p>Communiqu\u00e9 du Secours Catholique  <\/p>\n<p> Actuellement des b\u00e9n\u00e9voles s&rsquo;activent pour r\u00e9colter des colis alimentaires pour notre antenne de Cr\u00e9cy, g\u00e9n\u00e9reusement donn\u00e9s \u00e0 la sortie des grandes surfaces de Cr\u00e9cy.<br \/>\n Mais il ne faut pas oublier la collecte Nationale du Secours Catholique, moment o\u00f9 toute la France se mobilise contre la pr\u00e9carit\u00e9.<br \/>\n Et  gr\u00e2ce \u00e0 vos dons pour le Secours Catholique, nous avons par exemple pu d\u00e9bloquer imm\u00e9diatement une aide de 200.000\u00e2\u201a\u00ac pour les Philippines.<br \/>\n Le P\u00e8re Edwin Gariguez, directeur de la Caritas Philippines, nous l&rsquo;a exprim\u00e9 cette semaine : \u00ab  ce typhon \u00e9tait catastrophique ! Notre plus sinc\u00e8re gratitude au Secours Catholique pour son expression de solidarit\u00e9. \u00bb Par avance, nous vous remercions pour votre g\u00e9n\u00e9rosit\u00e9, qui nous permet d&rsquo;agir au plus pr\u00e8s de vous et dans les plus grandes d\u00e9tresses mondiales.<\/p>\n<p> Vous trouverez des qu\u00eateurs \u00ab\u00a0officiels\u00a0\u00bb \u00e0 la sortie des \u00e9glises de Villiers samedi soir et de Cr\u00e9cy dimanche matin, afin de collecter vos offrandes ou vous donner une enveloppe pour un don plus important.<br \/>\nMerci encore pour votre g\u00e9n\u00e9rosit\u00e9 !<\/p>\n","protected":false},"excerpt":{"rendered":"<p>Le samedi 16 novembre toute la journ\u00e9e et le matin du dimanche 17 novembre 2013, nous serons \u00e0\u00a0 l&rsquo;entr\u00e9e des magasins Intermarch\u00e9, Carrefour City et Super U. De sympathiques b\u00e9n\u00e9voles r\u00e9colteront vos dons en&#46;&#46;&#46;<\/p>\n","protected":false},"author":2,"featured_media":0,"comment_status":"open","ping_status":"open","sticky":false,"template":"","format":"standard","meta":{"footnotes":""},"categories":[],"tags":[],"class_list":["post-653","post","type-post","status-publish","format-standard","hentry"],"_links":{"self":[{"href":"http:\/\/www.chapelle-crecy.com\/index.php?rest_route=\/wp\/v2\/posts\/653","targetHints":{"allow":["GET"]}}],"collection":[{"href":"http:\/\/www.chapelle-crecy.com\/index.php?rest_route=\/wp\/v2\/posts"}],"about":[{"href":"http:\/\/www.chapelle-crecy.com\/index.php?rest_route=\/wp\/v2\/types\/post"}],"author":[{"embeddable":true,"href":"http:\/\/www.chapelle-crecy.com\/index.php?rest_route=\/wp\/v2\/users\/2"}],"replies":[{"embeddable":true,"href":"http:\/\/www.chapelle-crecy.com\/index.php?rest_route=%2Fwp%2Fv2%2Fcomments&post=653"}],"version-history":[{"count":0,"href":"http:\/\/www.chapelle-crecy.com\/index.php?rest_route=\/wp\/v2\/posts\/653\/revisions"}],"wp:attachment":[{"href":"http:\/\/www.chapelle-crecy.com\/index.php?rest_route=%2Fwp%2Fv2%2Fmedia&parent=653"}],"wp:term":[{"taxonomy":"category","embeddable":true,"href":"http:\/\/www.chapelle-crecy.com\/index.php?rest_route=%2Fwp%2Fv2%2Fcategories&post=653"},{"taxonomy":"post_tag","embeddable":true,"href":"http:\/\/www.chapelle-crecy.com\/index.php?rest_route=%2Fwp%2Fv2%2Ftags&post=653"}],"curies":[{"name":"wp","href":"https:\/\/api.w.org\/{rel}","templated":true}]}}