{"id":655,"date":"2013-11-22T10:56:00","date_gmt":"2013-11-22T10:56:00","guid":{"rendered":""},"modified":"-0001-11-30T00:00:00","modified_gmt":"-0001-11-29T22:00:00","slug":"","status":"publish","type":"post","link":"http:\/\/www.chapelle-crecy.com\/?p=655","title":{"rendered":"Le March\u00e9 de l&rsquo;Avent \u00e0\u00a0 Cr\u00e9cy avec Amiti\u00e9-Brie-B\u00e9nin"},"content":{"rendered":"<div align=\"justify\">\nPour la troisi\u00e8me ann\u00e9e, l&rsquo;association Amiti\u00e9 Brie B\u00e9nin sera pr\u00e9sente au March\u00e9 de l&rsquo;Avent de Cr\u00e9cy-la-Chapelle. Le CLAP (Cr\u00e9cy Loisirs Animation Patrimoine) qui est l&rsquo;organisateur nous offre g\u00e9n\u00e9reusement un stand pour ce moment fort de l&rsquo;ann\u00e9e.<\/p>\n<p>L&rsquo;association briarde en lien avec l&rsquo;association b\u00e9ninoise AADR qui g\u00e8re la Ferme de Tori proposera cette ann\u00e9e de nombreux objets d&rsquo;artisanat, de style diff\u00e9rent de ceux des ann\u00e9es pr\u00e9c\u00e9dentes pour beaucoup d&rsquo;entre eux.<\/p>\n<p>Nous vous attendons nombreux les 30 novembre et 1er d\u00e9cembre, salle Altmann \u00e0\u00a0 Cr\u00e9cy-la-Chapelle.<\/p><\/div>\n<div align=\"justify\">\nNous sollicitons aussi votre aide pour assurer la permanence sur le stand. C&rsquo;est Germaine Limmois qui centralise l&rsquo;organisation de cette manifestation pour notre association.<br \/>\n Pour proposer votre aide, indiquer les cr\u00e9neaux horaires qui vous conviendraient, vous pouvez la contacter:<br \/>\n Tel. <span style=\"color:orange\">06 16 33 47 57<\/Span><br \/>\n courriel: <span style=\"color:blue\">limmois.germaine@live.fr<\/span><\/p>\n<p> Vous pourrez, \u00e0 cette occasion, d\u00e9couvrir l&rsquo;avancement des travaux d&rsquo;\u00e9lectrification de la ferme ainsi que les projets pour l&rsquo;ann\u00e9e 2014.<\/p>\n<p> Retrouvez toutes les infos et toute l&rsquo;actualit\u00e9 de l&rsquo;Association Amiti\u00e9-Brie-B\u00e9nin sur le site:<br \/>\n [http:\/\/www.amitie-brie-benin.com\/->http:\/\/www.amitie-brie-benin.com\/]<\/p><\/div>\n","protected":false},"excerpt":{"rendered":"<p>Pour la troisi\u00e8me ann\u00e9e, l&rsquo;association Amiti\u00e9 Brie B\u00e9nin sera pr\u00e9sente au March\u00e9 de l&rsquo;Avent de Cr\u00e9cy-la-Chapelle. Le CLAP (Cr\u00e9cy Loisirs Animation Patrimoine) qui est l&rsquo;organisateur nous offre g\u00e9n\u00e9reusement un stand pour ce moment fort&#46;&#46;&#46;<\/p>\n","protected":false},"author":2,"featured_media":0,"comment_status":"open","ping_status":"open","sticky":false,"template":"","format":"standard","meta":{"footnotes":""},"categories":[],"tags":[],"class_list":["post-655","post","type-post","status-publish","format-standard","hentry"],"_links":{"self":[{"href":"http:\/\/www.chapelle-crecy.com\/index.php?rest_route=\/wp\/v2\/posts\/655","targetHints":{"allow":["GET"]}}],"collection":[{"href":"http:\/\/www.chapelle-crecy.com\/index.php?rest_route=\/wp\/v2\/posts"}],"about":[{"href":"http:\/\/www.chapelle-crecy.com\/index.php?rest_route=\/wp\/v2\/types\/post"}],"author":[{"embeddable":true,"href":"http:\/\/www.chapelle-crecy.com\/index.php?rest_route=\/wp\/v2\/users\/2"}],"replies":[{"embeddable":true,"href":"http:\/\/www.chapelle-crecy.com\/index.php?rest_route=%2Fwp%2Fv2%2Fcomments&post=655"}],"version-history":[{"count":0,"href":"http:\/\/www.chapelle-crecy.com\/index.php?rest_route=\/wp\/v2\/posts\/655\/revisions"}],"wp:attachment":[{"href":"http:\/\/www.chapelle-crecy.com\/index.php?rest_route=%2Fwp%2Fv2%2Fmedia&parent=655"}],"wp:term":[{"taxonomy":"category","embeddable":true,"href":"http:\/\/www.chapelle-crecy.com\/index.php?rest_route=%2Fwp%2Fv2%2Fcategories&post=655"},{"taxonomy":"post_tag","embeddable":true,"href":"http:\/\/www.chapelle-crecy.com\/index.php?rest_route=%2Fwp%2Fv2%2Ftags&post=655"}],"curies":[{"name":"wp","href":"https:\/\/api.w.org\/{rel}","templated":true}]}}