{"id":658,"date":"2013-11-15T08:08:00","date_gmt":"2013-11-15T08:08:00","guid":{"rendered":""},"modified":"-0001-11-30T00:00:00","modified_gmt":"-0001-11-29T22:00:00","slug":"","status":"publish","type":"post","link":"http:\/\/www.chapelle-crecy.com\/?p=658","title":{"rendered":"Se former pour mieux t\u00e9moigner !"},"content":{"rendered":"<div align=\"justify\">Le journal de l&rsquo;Echo de la Vall\u00e9e, journal paroissial connu de vous tous, a pour ambition de toujours mieux informer ses lecteurs et \u00e9largir son public. L&rsquo;\u00e9quipe r\u00e9dactionnelle qui \u00e9labore le journal est compos\u00e9e uniquement de b\u00e9n\u00e9voles. Notre \u00e9quipe de diffuseurs, quant \u00e0\u00a0 elle, a pour mission, par la distribution du journal, dans chaque quartier, de vous transmettre, en direct, \u00ab\u00a0la Bonne Nouvelle\u00a0\u00bb. Ainsi, notre m\u00e9dia local souhaite tisser avec vous tous, habitants de notre vall\u00e9e et au-del\u00e0\u00a0, un lien toujours plus fraternel pour une annonce \u00ab\u00a0hors les murs de l&rsquo;Eglise\u00a0\u00bb, comme nous y invite le Pape Fran\u00e7ois, dans son langage si particulier:<br \/>\n<span style=\"color:red;\"><br \/>\n\u00ab\u00a0Retenons-nous la Foi pour nous, comme un compte en banque, ou savons-nous la partager par le t\u00e9moignage, l&rsquo;accueil et l&rsquo;ouverture aux autres?\u00a0\u00bb<\/span>, message du Pape Fran\u00e7ois, le 27 octobre, lors de la messe du p\u00e8lerinage des familles.<\/p>\n<div align=\"center\"><img decoding=\"async\" src=\"\/IMG\/jpg\/ONG.jpg\n\" width=250><\/div>\n<p>Par ailleurs, notre journal adh\u00e8re \u00e0\u00a0 une association, l&rsquo;AEPP (Association d&rsquo;Entraide pour la Presse Paroissiale), bas\u00e9e \u00e0\u00a0 Annecy. Cette adh\u00e9sion permet, \u00e0\u00a0 ceux qui oeuvrent pour le journal, de b\u00e9n\u00e9ficier de formations int\u00e9ressantes. Si vous vous sentez une  me de journaliste, vous pouvez rejoindre notre comit\u00e9 de r\u00e9daction. Et si vous aimez la rencontre et le contact, pourquoi pas ne pas venir int\u00e9grer nos \u00e9quipes de diffuseurs? Pour tout renseignement, n&rsquo;h\u00e9sitez pas \u00e0\u00a0 nous contacter en \u00e9crivant \u00e0\u00a0 secteurcrecy@free.fr ou t\u00e9l\u00e9phoner au 06-52-28-28-02.<br \/>\nLa prochaine parution de l&rsquo;Echo de la Vall\u00e9e \u00ab\u00a0Sp\u00e9cial f\u00eates de No\u00f6l\u00a0\u00bb est pr\u00e9vue pour le 20 d\u00e9cembre. L&rsquo;abonnement annuel est de 18  \u201a\u00ac.<\/p><\/div>\n<div align=\"justify\">\n Les Mardis de saint Jean sont une s\u00e9rie de formations gratuites pour les responsables de journaux paroissiaux et de la communication en paroisse. Cette ann\u00e9e encore, l&rsquo;AEPP propose des intervenants de qualit\u00e9 pour venir aider les \u00e9quipes locales dans leur projet de journal et de communication paroissiale. Cependant, nous vous informons que l&rsquo;Echo de la Vall\u00e9e ne pourra aucunement financer le voyage et l&rsquo;h\u00e9bergement des participants du secteur de Cr\u00e9cy qui souhaiteraient se rendre \u00e0 l&rsquo;une de ces conf\u00e9rences. Pour toute information et demande d&rsquo;inscription, contacter le 06 52 28 28 02. <\/p>\n<div align=\"center\"><img decoding=\"async\" src=\"\/IMG\/jpg\/formation-1.jpg\n\" width=450><\/div>\n<div align=\"center\"><img decoding=\"async\" src=\"\/IMG\/jpg\/formation-2.jpg\n\" width=450><\/div>\n<\/div>\n","protected":false},"excerpt":{"rendered":"<p>Le journal de l&rsquo;Echo de la Vall\u00e9e, journal paroissial connu de vous tous, a pour ambition de toujours mieux informer ses lecteurs et \u00e9largir son public. L&rsquo;\u00e9quipe r\u00e9dactionnelle qui \u00e9labore le journal est compos\u00e9e&#46;&#46;&#46;<\/p>\n","protected":false},"author":2,"featured_media":0,"comment_status":"open","ping_status":"open","sticky":false,"template":"","format":"standard","meta":{"footnotes":""},"categories":[],"tags":[],"class_list":["post-658","post","type-post","status-publish","format-standard","hentry"],"_links":{"self":[{"href":"http:\/\/www.chapelle-crecy.com\/index.php?rest_route=\/wp\/v2\/posts\/658","targetHints":{"allow":["GET"]}}],"collection":[{"href":"http:\/\/www.chapelle-crecy.com\/index.php?rest_route=\/wp\/v2\/posts"}],"about":[{"href":"http:\/\/www.chapelle-crecy.com\/index.php?rest_route=\/wp\/v2\/types\/post"}],"author":[{"embeddable":true,"href":"http:\/\/www.chapelle-crecy.com\/index.php?rest_route=\/wp\/v2\/users\/2"}],"replies":[{"embeddable":true,"href":"http:\/\/www.chapelle-crecy.com\/index.php?rest_route=%2Fwp%2Fv2%2Fcomments&post=658"}],"version-history":[{"count":0,"href":"http:\/\/www.chapelle-crecy.com\/index.php?rest_route=\/wp\/v2\/posts\/658\/revisions"}],"wp:attachment":[{"href":"http:\/\/www.chapelle-crecy.com\/index.php?rest_route=%2Fwp%2Fv2%2Fmedia&parent=658"}],"wp:term":[{"taxonomy":"category","embeddable":true,"href":"http:\/\/www.chapelle-crecy.com\/index.php?rest_route=%2Fwp%2Fv2%2Fcategories&post=658"},{"taxonomy":"post_tag","embeddable":true,"href":"http:\/\/www.chapelle-crecy.com\/index.php?rest_route=%2Fwp%2Fv2%2Ftags&post=658"}],"curies":[{"name":"wp","href":"https:\/\/api.w.org\/{rel}","templated":true}]}}