{"id":662,"date":"2013-12-05T00:30:00","date_gmt":"2013-12-05T00:30:00","guid":{"rendered":""},"modified":"-0001-11-30T00:00:00","modified_gmt":"-0001-11-29T22:00:00","slug":"","status":"publish","type":"post","link":"http:\/\/www.chapelle-crecy.com\/?p=662","title":{"rendered":"Radiodon 2013"},"content":{"rendered":"<div align =\"justify\">Il est 7 h du mat, j&rsquo;ai des frissons&#8230;Je monte dans ma voiture, je pars au boulot. J&rsquo;allume la radio. RFM ou RND, j&rsquo;h\u00e9site. Finalement, j&rsquo;appuie sur le bouton 3 de mon autoradio.<br \/>\nEt l\u00e0\u00a0, vraiment rien avoir avec le Grand Morning de RTL2, Europe Matin ou RTL Petit Matin! Me voil\u00e0\u00a0 transport\u00e9 loin de ce brouillard m\u00e9diatique ambiant. Louis Daufresne \u00e9claire ma journ\u00e9e en compagnie de son Grand T\u00e9moin, l&rsquo;Evangile et son commentaire de 7h26, 8h26 ou 9h26 me ram\u00e8ne \u00e0\u00a0 l&rsquo;essentiel de ma vie. Alors, si vous ne connaissez pas cette radio si proche de ses auditeurs, connectez-vous sur [http:\/\/radionotredame.net\/->http:\/\/radionotredame.net]. Ou bien, liez-vous d&rsquo;amiti\u00e9 avec cette grande famille et faites connaissance avec vos journalistes et \u00e9ditorialistes pr\u00e9f\u00e9r\u00e9s en visionnant cette magnifique [Galerie en images de Radio Notre-Dame->http:\/\/www.flickr.com\/photos\/40016771@N03\/].<\/div>\n<p><img1308|center><\/p>\n","protected":false},"excerpt":{"rendered":"<p>Il est 7 h du mat, j&rsquo;ai des frissons&#8230;Je monte dans ma voiture, je pars au boulot. J&rsquo;allume la radio. RFM ou RND, j&rsquo;h\u00e9site. Finalement, j&rsquo;appuie sur le bouton 3 de mon autoradio. Et&#46;&#46;&#46;<\/p>\n","protected":false},"author":2,"featured_media":0,"comment_status":"open","ping_status":"open","sticky":false,"template":"","format":"standard","meta":{"footnotes":""},"categories":[],"tags":[],"class_list":["post-662","post","type-post","status-publish","format-standard","hentry"],"_links":{"self":[{"href":"http:\/\/www.chapelle-crecy.com\/index.php?rest_route=\/wp\/v2\/posts\/662","targetHints":{"allow":["GET"]}}],"collection":[{"href":"http:\/\/www.chapelle-crecy.com\/index.php?rest_route=\/wp\/v2\/posts"}],"about":[{"href":"http:\/\/www.chapelle-crecy.com\/index.php?rest_route=\/wp\/v2\/types\/post"}],"author":[{"embeddable":true,"href":"http:\/\/www.chapelle-crecy.com\/index.php?rest_route=\/wp\/v2\/users\/2"}],"replies":[{"embeddable":true,"href":"http:\/\/www.chapelle-crecy.com\/index.php?rest_route=%2Fwp%2Fv2%2Fcomments&post=662"}],"version-history":[{"count":0,"href":"http:\/\/www.chapelle-crecy.com\/index.php?rest_route=\/wp\/v2\/posts\/662\/revisions"}],"wp:attachment":[{"href":"http:\/\/www.chapelle-crecy.com\/index.php?rest_route=%2Fwp%2Fv2%2Fmedia&parent=662"}],"wp:term":[{"taxonomy":"category","embeddable":true,"href":"http:\/\/www.chapelle-crecy.com\/index.php?rest_route=%2Fwp%2Fv2%2Fcategories&post=662"},{"taxonomy":"post_tag","embeddable":true,"href":"http:\/\/www.chapelle-crecy.com\/index.php?rest_route=%2Fwp%2Fv2%2Ftags&post=662"}],"curies":[{"name":"wp","href":"https:\/\/api.w.org\/{rel}","templated":true}]}}