{"id":663,"date":"2013-12-09T18:00:20","date_gmt":"2013-12-09T18:00:20","guid":{"rendered":""},"modified":"-0001-11-30T00:00:00","modified_gmt":"-0001-11-29T22:00:00","slug":"","status":"publish","type":"post","link":"http:\/\/www.chapelle-crecy.com\/?p=663","title":{"rendered":"La France en pri\u00e8re"},"content":{"rendered":"<div align=\"justify\">Ce soir, \u00e0\u00a0 20h30, \u00e0\u00a0 l&rsquo;\u00e9glise St Georges de Cr\u00e9cy, nous f\u00eaterons la solennit\u00e9 de l&rsquo;Immacul\u00e9e Conception. Prions avec ferveur la Vierge Marie.<\/p>\n<div align=\"center\"><img decoding=\"async\" src=\"\/IMG\/jpg\/tousenpriere-2.jpg\n\" width=400><\/div>\n<p>La petite association \u00ab\u00a0Tous en pri\u00e8re\u00a0\u00bb soutient et encourage l&rsquo;initiative \u0153La France en pri\u00e8re\u009d qui propose de prier avec bienveillance pour toutes les personnes qui exercent un mandat politique dans notre pays. Durant la neuvaine de l&rsquo;Immacul\u00e9e Conception, du 30 novembre au 8 d\u00e9cembre, l&rsquo;occasion \u00e9tait donn\u00e9e \u00e0\u00a0 chacun d&rsquo;entre nous, de confier \u00e0\u00a0 la Vierge Marie ceux qui nous gouvernent. M\u00eame si la neuvaine vient de se terminer, les occasions de prier pour la France en ces temps de crise, restent nombreuses. Vous pouvez vous connecter au site [www.lafranceenpriere.fr->www.lafranceenpriere.fr]<br \/>\npour avoir plus de pr\u00e9cisions.<br \/>\nPuisse cette neuvaine convertir nos coeurs et celui de nos dirigeants pour l&rsquo;amour de notre pays.<br \/>\nDans les Coeurs unis de J\u00e9sus et Marie.<\/p>\n<p>Puisse cette neuvaine convertir nos coeurs et celui de nos dirigeants pour l&rsquo;amour de notre pays.<br \/>\nDans les Coeurs unis de J\u00e9sus et Marie,<\/p>\n<p>L&rsquo;\u00e9quipe de Tous en pri\u00e8re <\/p><\/div>\n<p>La France en pri\u00e8re : mode d&#8217;emploi !  <\/p>\n<p> Il est de la responsabilit\u00e9 de chaque catholique de se mobiliser de mani\u00e8re constructive.<br \/>\n Chaque soir du 30 novembre au 8 d\u00e9cembre, nous \u00e9tions amen\u00e9s \u00e0 prier pour tel ou tel \u00e9lu en r\u00e9citant le texte de la neuvaine suivie d&rsquo;une dizaine de chapelet. C&rsquo;est simple et accessible \u00e0 tous. Le 6 d\u00e9cembre, chacun \u00e9tait invit\u00e9 \u00e0 je\u00fbner pour un ou plusieurs \u00e9lus. Cette neuvaine peut \u00eatre r\u00e9cit\u00e9e pendant les semaines qui viennent. <\/p>\n<p> Pri\u00e8re<\/p>\n<p> \u00a0\u00bb Marie con\u00e7ue sans p\u00e9ch\u00e9,<br \/>\n Servante du Seigneur,<br \/>\n Soyez b\u00e9nie d&rsquo;avoir rendu visite \u00e0 votre cousine Elisabeth,<br \/>\n Nous montrant ainsi la voie du service et de la charit\u00e9.<br \/>\n M\u00e8re des Pauvres, apprenez-nous le don de nous-m\u00eames et la gratuit\u00e9 de nos actes,<br \/>\n Pour servir, avec l&rsquo;aide de votre Fils J\u00e9sus, ceux que la vie a bless\u00e9s ou d\u00e9favoris\u00e9s.<br \/>\n Coeur Immacul\u00e9 de Marie,<br \/>\n Ouvrez notre coeur et notre intelligence \u00e0 l&rsquo;Esprit Saint,<br \/>\n Afin de vivre de l&rsquo;Amour du P\u00e8re, et de r\u00e9pondre aux besoins des faibles et des petits<br \/>\n Que la Providence met sur notre route.<br \/>\n Vierge Sainte,<br \/>\n que votre affection maternelle prot\u00e8ge notre Pape Fran\u00e7ois,<br \/>\n soutienne l&rsquo;Eglise et anime tous les hommes de bienveillance et de compassion<br \/>\n Envers ceux qui souffrent dans leur \u00e2me ou leur corps.<br \/>\n Aujourd&rsquo;hui, la France se met en pri\u00e8re<br \/>\n Pour vous confier particuli\u00e8rement l&rsquo;avenir de la France et ses \u00e9lus.<br \/>\n Amen.\u00a0\u00bb<\/p>\n<p> Autre proposition pendant la neuvaine du 16 au 24 d\u00e9cembre 2013:<\/p>\n<p> Nous vous proposons de vous unir \u00e0 la neuvaine en priant trois \u00ab\u00a0Je vous salue Marie\u00a0\u00bb pour la France pr\u00e9c\u00e9d\u00e9s de l&rsquo;invocation :<br \/>\n \u00ab Petit Enfant J\u00e9sus de la cr\u00e8che, nous t&rsquo;en supplions, donne par ta naissance une nouvelle naissance \u00e0 la France . \u00bb<br \/>\n Je vous salue Marie,<br \/>\n pleine de gr\u00e2ce,<br \/>\n le Seigneur est avec vous,<br \/>\n vous \u00eates b\u00e9nie entre toutes les femmes et<br \/>\n J\u00e9sus, le fruit de vos entrailles, est b\u00e9ni.<br \/>\n Sainte Marie, M\u00e8re de Dieu,<br \/>\n priez pour nous pauvres p\u00e9cheurs,<br \/>\n maintenant et \u00e0 l&rsquo;heure de notre mort.<br \/>\n Amen.<\/p>\n<p> Puis en priant la pri\u00e8re suivante :<br \/>\n \u00ab Seigneur J\u00e9sus, aie compassion de la France, daigne l&rsquo;\u00e9treindre dans ton Amour et lui en montrer toute ta tendresse. Fais que, remplie d&rsquo;amour pour toi, elle contribue \u00e0 te faire aimer de toutes les nations de la terre.  Amour de J\u00e9sus, nous prenons ici l&rsquo;engagement de te rester \u00e0 jamais fid\u00e8les et de travailler d&rsquo;un coeur ardent \u00e0 r\u00e9pandre ton R\u00e8gne dans tout l&rsquo;univers.<br \/>\n Amen \u00bb<\/p>\n<p> Cette pri\u00e8re a \u00e9t\u00e9 dict\u00e9e par le Christ le 14 novembre 1945 au v\u00e9n\u00e9rable Marcel Van (1928-1959) dont la cause de b\u00e9atification fut ouverte par Jean-Paul II. J\u00e9sus la lui avait ainsi pr\u00e9sent\u00e9e : \u00ab Petit enfant de mon Amour, \u00e9coute, je vais te dicter une pri\u00e8re, et cette pri\u00e8re, je veux que les Fran\u00e7ais me la r\u00e9citent. \u00bb Il lui dit ensuite : \u00ab  mon enfant, dis aux Fran\u00e7ais que cette pri\u00e8re est celle-l\u00e0 m\u00eame que je veux entendre de leur bouche. Elle est sortie de mon coeur br\u00fblant d&rsquo;amour et je veux que les Fran\u00e7ais soient les seuls \u00e0 la r\u00e9citer. Quant \u00e0 toi, mon enfant, je veux que tu la r\u00e9cites aussi, mais tu la r\u00e9citeras \u00e9galement en fran\u00e7ais. \u00bb<\/p>\n","protected":false},"excerpt":{"rendered":"<p>Ce soir, \u00e0\u00a0 20h30, \u00e0\u00a0 l&rsquo;\u00e9glise St Georges de Cr\u00e9cy, nous f\u00eaterons la solennit\u00e9 de l&rsquo;Immacul\u00e9e Conception. Prions avec ferveur la Vierge Marie. La petite association \u00ab\u00a0Tous en pri\u00e8re\u00a0\u00bb soutient et encourage l&rsquo;initiative \u0153La&#46;&#46;&#46;<\/p>\n","protected":false},"author":2,"featured_media":0,"comment_status":"open","ping_status":"open","sticky":false,"template":"","format":"standard","meta":{"footnotes":""},"categories":[],"tags":[],"class_list":["post-663","post","type-post","status-publish","format-standard","hentry"],"_links":{"self":[{"href":"http:\/\/www.chapelle-crecy.com\/index.php?rest_route=\/wp\/v2\/posts\/663","targetHints":{"allow":["GET"]}}],"collection":[{"href":"http:\/\/www.chapelle-crecy.com\/index.php?rest_route=\/wp\/v2\/posts"}],"about":[{"href":"http:\/\/www.chapelle-crecy.com\/index.php?rest_route=\/wp\/v2\/types\/post"}],"author":[{"embeddable":true,"href":"http:\/\/www.chapelle-crecy.com\/index.php?rest_route=\/wp\/v2\/users\/2"}],"replies":[{"embeddable":true,"href":"http:\/\/www.chapelle-crecy.com\/index.php?rest_route=%2Fwp%2Fv2%2Fcomments&post=663"}],"version-history":[{"count":0,"href":"http:\/\/www.chapelle-crecy.com\/index.php?rest_route=\/wp\/v2\/posts\/663\/revisions"}],"wp:attachment":[{"href":"http:\/\/www.chapelle-crecy.com\/index.php?rest_route=%2Fwp%2Fv2%2Fmedia&parent=663"}],"wp:term":[{"taxonomy":"category","embeddable":true,"href":"http:\/\/www.chapelle-crecy.com\/index.php?rest_route=%2Fwp%2Fv2%2Fcategories&post=663"},{"taxonomy":"post_tag","embeddable":true,"href":"http:\/\/www.chapelle-crecy.com\/index.php?rest_route=%2Fwp%2Fv2%2Ftags&post=663"}],"curies":[{"name":"wp","href":"https:\/\/api.w.org\/{rel}","templated":true}]}}