{"id":664,"date":"2013-12-07T14:09:29","date_gmt":"2013-12-07T14:09:29","guid":{"rendered":""},"modified":"-0001-11-30T00:00:00","modified_gmt":"-0001-11-29T22:00:00","slug":"","status":"publish","type":"post","link":"http:\/\/www.chapelle-crecy.com\/?p=664","title":{"rendered":"Annonces de la semaine du 9 d\u00e9cembre au 15 d\u00e9cembre 2013"},"content":{"rendered":"<table bgcolor =\"F0FAFF\" border=0>\n<tbody>\n<tr>\n<td>\n<div align=\"justify\">\n<div \"604\">Voici les annonces de la semaine du lundi 9 novembre au dimanche 15 d\u00e9cembre 2013 pour la paroisse des 3 clochers Cr\u00e9cy-la-Chapelle, Villiers-sur-Morin, Voulangis. <br \/>\nSamedi 14 \u00e0\u00a0 18 h 30, messe \u00e0\u00a0 Voulangis,<br \/>\nDimanche 15 \u00e0\u00a0 10 h 30, messe \u00e0\u00a0 Cr\u00e9cy.<br \/>\nTous les d\u00e9tails dans la suite &#8230;<\/div>\n<\/div>\n<\/td>\n<\/tr>\n<\/tbody>\n<\/table>\n<table bgcolor =\"F0F6FF\" border=0>\n<tbody>\n<tr>\n<td width=\"25%\"><font color=\"00CC00\">Lundi 9 d\u00e9cembre<br \/>\n<i>Solemnit\u00e9 de l&rsquo;Immacul\u00e9e Conception<\/i><\/font><\/td>\n<td><font color=\"00CC00\"><\/p>\n<div align=\"center\"><img decoding=\"async\" src=\"\/IMG\/lieux\/lourdes08.jpg\"  width=150><\/div>\n<p><\/font><\/td>\n<td><font color=\"00CC00\">17 h &#8211;  Messe \u00e0 la Maison de Retraite pour les Ames du Purgatoire et Nicole DELLA NEGRA.<br \/>\n20 h 30 &#8211; Messe \u00e0 Cr\u00e9cy.<br \/>\n<\/font><\/td>\n<\/tr>\n<tr>\n<td width=\"25%\"><font color=\"0E0C40\">Mardi 10 d\u00e9cembre<\/font><\/td>\n<td><font color=\"0E0C40\">18 h &#8211; Messe \u00e0 Cr\u00e9cy pour  Dominique  BOISGONTHIER et Claudie SIMON.<\/font><\/td>\n<td><font color=\"0E0C40\"><\/p>\n<div align=\"center\"><img decoding=\"async\" src=\"\/IMG\/lieux\/almeria03.jpg\"  width=150><\/div>\n<p><\/font><\/td>\n<\/tr>\n<tr>\n<td width=\"25%\"><font color=\"0020FF\">Mercredi 11 d\u00e9cembre<\/font><\/td>\n<td><font color=\"0020FF\">17 h 30  Atelier d&rsquo;ic\u00f4nes pour le enfants de la cat\u00e9ch\u00e8se, \u00e0 la salle paroissiale.<br \/>\n<\/font><\/td>\n<td><font color=\"0020FF\">18 h &#8211; Messe \u00e0 Cr\u00e9cy pour  G\u00e9rard VILCOT et Andr\u00e9 PEAN.<br \/>\n20 h 30 &#8211; R\u00e9p\u00e9tition de chants \u00e0 l&rsquo;\u00e9glise St Georges<\/font><\/td>\n<\/tr>\n<tr>\n<td><font color=\"00CC00\">Jeudi 12 d\u00e9cembre<br \/>\n<i>N.D. de Guadalupe<\/i><br \/>\n<\/font><\/td>\n<td><font color=\"00CC00\"><\/p>\n<div align=\"center\"><img decoding=\"async\" src=\"\/IMG\/personnes\/nd_guadalupe.jpg\"  width=150><\/div>\n<p><\/font><\/td>\n<td><font color=\"00CC00\">9 h &#8211; Messe \u00e0 Cr\u00e9cy pour  Jeannine PERRICHON et Marie-Madeleine LAMY.<\/font><\/td>\n<\/tr>\n<tr>\n<td width=\"25%\"><font color=\"0020FF\">Samedi 14 d\u00e9cembre<br \/>\n<i>St Jean de la Croix<\/i><br \/>\n<\/font><\/td>\n<td><font color=\"0020FF\">de 14 h \u00e0 15 h 30 &#8211;  Eveil \u00e0 la Foi \u00e0 la salle paroissiale.<br \/>\n18 h 30 &#8211; Messe \u00e0 Voulangis pour Georges PAQUET et Marcel DEBORD. Nous prierons aussi pour Christiane MEIGNANT, inhum\u00e9e la semaine derni\u00e8re.<br \/>\n<\/font><\/td>\n<td><font color=\"0020FF\"><\/p>\n<div align=\"center\"><img decoding=\"async\" src=\"\/IMG\/lieux\/voulangis_eglise4.jpg\"  width=150><\/div>\n<p><\/font><\/td>\n<\/tr>\n<tr>\n<td><font color=\"00CC00\">Dimanche 15 d\u00e9cembre<br \/>\n<i>3\u00e8me dimanche de l&rsquo;Avent<\/i><\/font><\/td>\n<td><font color=\"00CC00\"><\/p>\n<div align=\"center\"><img decoding=\"async\" src=\"\/IMG\/lieux\/stgeorges07.jpg\"  width=150><\/div>\n<p><\/font><\/td>\n<td><font color=\"00CC00\">10 h &#8211; Cat\u00e9 Dimanche.<br \/>\n11 h  Messe \u00e0 Cr\u00e9cy pour Pierre LOUIS et Gis\u00e8le LANDRIN.<\/font><\/td>\n<\/tr>\n<\/tbody>\n<\/table>\n","protected":false},"excerpt":{"rendered":"<p>Voici les annonces de la semaine du lundi 9 novembre au dimanche 15 d\u00e9cembre 2013 pour la paroisse des 3 clochers Cr\u00e9cy-la-Chapelle, Villiers-sur-Morin, Voulangis. Samedi 14 \u00e0\u00a0 18 h 30, messe \u00e0\u00a0 Voulangis, Dimanche&#46;&#46;&#46;<\/p>\n","protected":false},"author":2,"featured_media":0,"comment_status":"open","ping_status":"open","sticky":false,"template":"","format":"standard","meta":{"footnotes":""},"categories":[],"tags":[],"class_list":["post-664","post","type-post","status-publish","format-standard","hentry"],"_links":{"self":[{"href":"http:\/\/www.chapelle-crecy.com\/index.php?rest_route=\/wp\/v2\/posts\/664","targetHints":{"allow":["GET"]}}],"collection":[{"href":"http:\/\/www.chapelle-crecy.com\/index.php?rest_route=\/wp\/v2\/posts"}],"about":[{"href":"http:\/\/www.chapelle-crecy.com\/index.php?rest_route=\/wp\/v2\/types\/post"}],"author":[{"embeddable":true,"href":"http:\/\/www.chapelle-crecy.com\/index.php?rest_route=\/wp\/v2\/users\/2"}],"replies":[{"embeddable":true,"href":"http:\/\/www.chapelle-crecy.com\/index.php?rest_route=%2Fwp%2Fv2%2Fcomments&post=664"}],"version-history":[{"count":0,"href":"http:\/\/www.chapelle-crecy.com\/index.php?rest_route=\/wp\/v2\/posts\/664\/revisions"}],"wp:attachment":[{"href":"http:\/\/www.chapelle-crecy.com\/index.php?rest_route=%2Fwp%2Fv2%2Fmedia&parent=664"}],"wp:term":[{"taxonomy":"category","embeddable":true,"href":"http:\/\/www.chapelle-crecy.com\/index.php?rest_route=%2Fwp%2Fv2%2Fcategories&post=664"},{"taxonomy":"post_tag","embeddable":true,"href":"http:\/\/www.chapelle-crecy.com\/index.php?rest_route=%2Fwp%2Fv2%2Ftags&post=664"}],"curies":[{"name":"wp","href":"https:\/\/api.w.org\/{rel}","templated":true}]}}