{"id":665,"date":"2013-12-11T13:48:00","date_gmt":"2013-12-11T13:48:00","guid":{"rendered":""},"modified":"-0001-11-30T00:00:00","modified_gmt":"-0001-11-29T22:00:00","slug":"","status":"publish","type":"post","link":"http:\/\/www.chapelle-crecy.com\/?p=665","title":{"rendered":"La campagne de No\u00ebl \u00c2\u00ab 10 millions  d&rsquo;\u00e9toiles \u00c2\u00bb du Secours Catholique"},"content":{"rendered":"<div align=\"justify\">Les membres de l&rsquo;\u00e9quipe du Secours Catholique de Cr\u00e9cy-la-Chapelle se tiendont \u00e0\u00a0 la sortie des \u00e9glises du secteur pour vous proposer les traditionels lumignions du Secours Catholique qui illumineront vos fen\u00eatres le soir de No\u00f6l. Alain et toute son \u00e9quipe  seront pr\u00e9sents aux messes suivantes:<br \/>\n&#8211; Samedi 14 d\u00e9cembre \u00e0\u00a0 Voulangis office de 18h30<br \/>\n&#8211; Dimanche 15 d\u00e9cembre \u00e0\u00a0 Cr\u00e9cy office de 10h30<br \/>\n&#8211; Samedi 21 d\u00e9cembre \u00e0\u00a0 Villiers office de 18h30<br \/>\n&#8211; Dimanche 22 d\u00e9cembre \u00e0\u00a0 Cr\u00e9cy office de 10h30<br \/>\n&#8211; Mardi 24 \u00ab Messe de No\u00f6l \u00bb \u00e0\u00a0 Cr\u00e9cy 20h30<br \/>\nEn \u00e9change de vos offrandes, nous vous donnerons les traditionnelles petites bougies de No\u00f6l, mais aussi  plein de sympathiques nouveaut\u00e9s.<br \/>\nMais \u00e0\u00a0 quoi cela sert-il?<\/div>\n<p>Vous permettrez \u00e0 l&rsquo;\u00e9quipe  de Cr\u00e9cy  de mener des  projets concrets : <\/p>\n<p>&#8211; Atelier Solidarit\u00e9 Deuil,<br \/>\n&#8211; appartement passerelle,<br \/>\n&#8211; soutien scolaire,<br \/>\n&#8211; accueil et \u00e9coute,<br \/>\n&#8211; aide financi\u00e8re et aide aux d\u00e9marches administratives,<br \/>\n&#8211; alphab\u00e9tisation,<br \/>\n&#8211; aide alimentaire,<br \/>\n&#8211; visite \u00e0 domicile\u00e2\u20ac\u00a6,<br \/>\n pour les personnes en d\u00e9tresses de notre commune.<\/p>\n<div align=\"center\"><img decoding=\"async\" src=\"\/IMG\/jpg\/NoelSC.jpg\n\" width=450><\/div>\n<p> D&rsquo;ann\u00e9e en ann\u00e9e, l&rsquo;investissement de l&rsquo;\u00e9quipes du Secours Catholique de Cr\u00e9cy ne faiblit pas.<\/p>\n<p> Nous  multiplions les initiatives locales pour que des milliers de bougies s&rsquo;allument et que nos projets  voient le jour ! <\/p>\n<p> Alain Legeay<br \/>\n Responsable antenne Secours Catholique de Cr\u00e9cy<\/p>\n","protected":false},"excerpt":{"rendered":"<p>Les membres de l&rsquo;\u00e9quipe du Secours Catholique de Cr\u00e9cy-la-Chapelle se tiendont \u00e0\u00a0 la sortie des \u00e9glises du secteur pour vous proposer les traditionels lumignions du Secours Catholique qui illumineront vos fen\u00eatres le soir de&#46;&#46;&#46;<\/p>\n","protected":false},"author":2,"featured_media":0,"comment_status":"open","ping_status":"open","sticky":false,"template":"","format":"standard","meta":{"footnotes":""},"categories":[],"tags":[],"class_list":["post-665","post","type-post","status-publish","format-standard","hentry"],"_links":{"self":[{"href":"http:\/\/www.chapelle-crecy.com\/index.php?rest_route=\/wp\/v2\/posts\/665","targetHints":{"allow":["GET"]}}],"collection":[{"href":"http:\/\/www.chapelle-crecy.com\/index.php?rest_route=\/wp\/v2\/posts"}],"about":[{"href":"http:\/\/www.chapelle-crecy.com\/index.php?rest_route=\/wp\/v2\/types\/post"}],"author":[{"embeddable":true,"href":"http:\/\/www.chapelle-crecy.com\/index.php?rest_route=\/wp\/v2\/users\/2"}],"replies":[{"embeddable":true,"href":"http:\/\/www.chapelle-crecy.com\/index.php?rest_route=%2Fwp%2Fv2%2Fcomments&post=665"}],"version-history":[{"count":0,"href":"http:\/\/www.chapelle-crecy.com\/index.php?rest_route=\/wp\/v2\/posts\/665\/revisions"}],"wp:attachment":[{"href":"http:\/\/www.chapelle-crecy.com\/index.php?rest_route=%2Fwp%2Fv2%2Fmedia&parent=665"}],"wp:term":[{"taxonomy":"category","embeddable":true,"href":"http:\/\/www.chapelle-crecy.com\/index.php?rest_route=%2Fwp%2Fv2%2Fcategories&post=665"},{"taxonomy":"post_tag","embeddable":true,"href":"http:\/\/www.chapelle-crecy.com\/index.php?rest_route=%2Fwp%2Fv2%2Ftags&post=665"}],"curies":[{"name":"wp","href":"https:\/\/api.w.org\/{rel}","templated":true}]}}