{"id":666,"date":"2013-12-12T14:25:11","date_gmt":"2013-12-12T14:25:11","guid":{"rendered":""},"modified":"-0001-11-30T00:00:00","modified_gmt":"-0001-11-29T22:00:00","slug":"","status":"publish","type":"post","link":"http:\/\/www.chapelle-crecy.com\/?p=666","title":{"rendered":"Le Pape: personnalit\u00e9 de l&rsquo;ann\u00e9e"},"content":{"rendered":"<div align=\"justify\">Je me permets avec l&rsquo;autorisation de mon ami Mgr Podvin, porte-parole \u00e0\u00a0 la Conf\u00e9rence des Ev\u00eaques de France de vous retranscrire ici, ses 1000 signes, en r\u00e9action \u00e0\u00a0 l&rsquo;\u00e9lection du Pape Fran\u00e7ois comme \u00ab\u00a0[Personnalit\u00e9 de l&rsquo;ann\u00e9e->http:\/\/www.eglise.catholique.fr\/actualites-et-evenements\/les-1000-signes-du-porte-parole\/personnalite-de-l-annee&#8211;17680.html]\u00a0\u00bb. Vous pouvez retrouver cette rubrique hebdomadaire de Mgr Podvin sur le site de l'[\u00e9glise catholique->http:\/\/www.eglise.catholique.fr\/accueil.html]<br \/>\nLes 1000 signes du Porte-Parole<\/p>\n<p>Le Pape Fran\u00e7ois d\u00e9sign\u00e9 \u00ab\u00a0personne de l&rsquo;ann\u00e9e\u00a0\u00bb par le magazine Time? C&rsquo;est non seulement une excellente nouvelle pour lui, mais pour les milliards de personnes &#8230;<\/div>\n<div align=\"justify\">\n&#8230; qui se sentent reconnues par ce chantre de l&rsquo;\u00e9vangile. Il ne court pas apr\u00e8s ces notori\u00e9t\u00e9s. Ces notori\u00e9t\u00e9s courent apr\u00e8s lui dans le sillage de sa bont\u00e9. Tandis que lors de certaines ann\u00e9es sombres, ce titre fut h\u00e9las attribu\u00e9 \u00e0 de funestes acteurs de l&rsquo;actualit\u00e9, Fran\u00e7ois rejoint de fa\u00e7on d&rsquo;autant plus lumineuse l&rsquo;heureuse liste de ceux qui sont des b\u00e9n\u00e9dictions pour l&rsquo;humanit\u00e9. Quand manquent les guides de cette stature, il est heureux de voir l&rsquo;univers m\u00e9diatique s&rsquo;incliner devant la stature de ce p\u00e8lerin. Tel Jean Baptiste, il ne m\u00e9nage pas sa peine, ni ne m\u00e2che ses mots! Il est d\u00e9clar\u00e9 grand aux yeux des hommes en 2013. A la suite de son Ma \u00eetre et Seigneur, il ne cesse d&rsquo;affirmer que le plus petit des hommes est plus grand que lui. Avant de nous souhaiter une nouvelle ann\u00e9e, rendons gr\u00e2ce qu&rsquo;un tel t\u00e9moin de l&rsquo;absolu et de la fraternit\u00e9 ne soit pas pass\u00e9 inaper\u00e7u dans l&rsquo;ann\u00e9e qui s&rsquo;ach\u00e8ve.<\/p>\n<p> Mgr Bernard Podvin<br \/>\n Porte-parole des \u00e9v\u00eaques de France<\/p>\n<div align=\"center\"><img decoding=\"async\" src=\"\/IMG\/jpg\/PodvinB.jpg\n\" width=250><\/div>\n<\/div>\n","protected":false},"excerpt":{"rendered":"<p>Je me permets avec l&rsquo;autorisation de mon ami Mgr Podvin, porte-parole \u00e0\u00a0 la Conf\u00e9rence des Ev\u00eaques de France de vous retranscrire ici, ses 1000 signes, en r\u00e9action \u00e0\u00a0 l&rsquo;\u00e9lection du Pape Fran\u00e7ois comme \u00ab\u00a0[Personnalit\u00e9&#46;&#46;&#46;<\/p>\n","protected":false},"author":2,"featured_media":0,"comment_status":"open","ping_status":"open","sticky":false,"template":"","format":"standard","meta":{"footnotes":""},"categories":[],"tags":[],"class_list":["post-666","post","type-post","status-publish","format-standard","hentry"],"_links":{"self":[{"href":"http:\/\/www.chapelle-crecy.com\/index.php?rest_route=\/wp\/v2\/posts\/666","targetHints":{"allow":["GET"]}}],"collection":[{"href":"http:\/\/www.chapelle-crecy.com\/index.php?rest_route=\/wp\/v2\/posts"}],"about":[{"href":"http:\/\/www.chapelle-crecy.com\/index.php?rest_route=\/wp\/v2\/types\/post"}],"author":[{"embeddable":true,"href":"http:\/\/www.chapelle-crecy.com\/index.php?rest_route=\/wp\/v2\/users\/2"}],"replies":[{"embeddable":true,"href":"http:\/\/www.chapelle-crecy.com\/index.php?rest_route=%2Fwp%2Fv2%2Fcomments&post=666"}],"version-history":[{"count":0,"href":"http:\/\/www.chapelle-crecy.com\/index.php?rest_route=\/wp\/v2\/posts\/666\/revisions"}],"wp:attachment":[{"href":"http:\/\/www.chapelle-crecy.com\/index.php?rest_route=%2Fwp%2Fv2%2Fmedia&parent=666"}],"wp:term":[{"taxonomy":"category","embeddable":true,"href":"http:\/\/www.chapelle-crecy.com\/index.php?rest_route=%2Fwp%2Fv2%2Fcategories&post=666"},{"taxonomy":"post_tag","embeddable":true,"href":"http:\/\/www.chapelle-crecy.com\/index.php?rest_route=%2Fwp%2Fv2%2Ftags&post=666"}],"curies":[{"name":"wp","href":"https:\/\/api.w.org\/{rel}","templated":true}]}}