{"id":668,"date":"2013-12-19T11:05:00","date_gmt":"2013-12-19T11:05:00","guid":{"rendered":""},"modified":"-0001-11-30T00:00:00","modified_gmt":"-0001-11-29T22:00:00","slug":"","status":"publish","type":"post","link":"http:\/\/www.chapelle-crecy.com\/?p=668","title":{"rendered":"Le P\u00e8re No\u00ebl  est arriv\u00e9 au Secours Catholique de Cr\u00e9cy !"},"content":{"rendered":"<div align =\"justify\">Mardi 17 d\u00e9cembre, le local du Secours Catholique de Cr\u00e9cy, a eu le plaisir de recevoir le P\u00e8re No\u00f6l, en avant premi\u00e8re !<br \/>\nComme chaque ann\u00e9e, b\u00e9n\u00e9voles et invit\u00e9s se sont retrouv\u00e9s autour d&rsquo;un bon et copieux repas de No\u00f6l.\n<\/div>\n<div align =\"justify\">Repas pr\u00e9par\u00e9 sur place, d\u00e8s 9h30 par tous les convives,  avec les conseils de Fran\u00e7oise.<\/p>\n<div align=\"center\">\n<p style=\"padding:10px;border:10px solid green;\"><img decoding=\"async\" src=\"\/IMG\/jpg\/NoelSC2.jpg\n\" width=450><\/p>\n<\/div>\n<p> Et, fiers du travail accompli, recettes des plats pr\u00e9cieusement en poche, le repas s&rsquo;est d\u00e9roul\u00e9 dans une ambiance des plus chaleureuse.<br \/>\nCet agr\u00e9able moment s&rsquo;est termin\u00e9 par l&rsquo;arriv\u00e9e du P\u00e8re No\u00ebl, avec distribution de petits cadeaux.<br \/>\n Merveilleuse parenth\u00e8se o\u00f9 nos invit\u00e9s ont, pour un moment, oubli\u00e9 leurs pr\u00e9occupations quotidiennes.<br \/>\nEnchant\u00e9 par cette journ\u00e9e amicale et fraternelle , rendez-vous est pris pour le No\u00ebl 2014, avec le P\u00e8re No\u00ebl !<\/p>\n<p> Secours Catholique de Cr\u00e9cy la Chapelle.<br \/>\n 45, rue du G\u00e9n\u00e9ral Leclerc<br \/>\n 77580 CRECY LA CHAPELLE<br \/>\n T\u00e9l. 01 75 78 38 63<br \/>\n www. sc77.crecy@sfr.fr  &#8211;<br \/>\n Lundi de 15h00 \u00e0 17h30 et samedi de 9h30  \u00e0 12h00<br \/>\net sur rendez-vous.\n<\/p><\/div>\n","protected":false},"excerpt":{"rendered":"<p>Mardi 17 d\u00e9cembre, le local du Secours Catholique de Cr\u00e9cy, a eu le plaisir de recevoir le P\u00e8re No\u00f6l, en avant premi\u00e8re ! Comme chaque ann\u00e9e, b\u00e9n\u00e9voles et invit\u00e9s se sont retrouv\u00e9s autour d&rsquo;un&#46;&#46;&#46;<\/p>\n","protected":false},"author":2,"featured_media":0,"comment_status":"open","ping_status":"open","sticky":false,"template":"","format":"standard","meta":{"footnotes":""},"categories":[],"tags":[],"class_list":["post-668","post","type-post","status-publish","format-standard","hentry"],"_links":{"self":[{"href":"http:\/\/www.chapelle-crecy.com\/index.php?rest_route=\/wp\/v2\/posts\/668","targetHints":{"allow":["GET"]}}],"collection":[{"href":"http:\/\/www.chapelle-crecy.com\/index.php?rest_route=\/wp\/v2\/posts"}],"about":[{"href":"http:\/\/www.chapelle-crecy.com\/index.php?rest_route=\/wp\/v2\/types\/post"}],"author":[{"embeddable":true,"href":"http:\/\/www.chapelle-crecy.com\/index.php?rest_route=\/wp\/v2\/users\/2"}],"replies":[{"embeddable":true,"href":"http:\/\/www.chapelle-crecy.com\/index.php?rest_route=%2Fwp%2Fv2%2Fcomments&post=668"}],"version-history":[{"count":0,"href":"http:\/\/www.chapelle-crecy.com\/index.php?rest_route=\/wp\/v2\/posts\/668\/revisions"}],"wp:attachment":[{"href":"http:\/\/www.chapelle-crecy.com\/index.php?rest_route=%2Fwp%2Fv2%2Fmedia&parent=668"}],"wp:term":[{"taxonomy":"category","embeddable":true,"href":"http:\/\/www.chapelle-crecy.com\/index.php?rest_route=%2Fwp%2Fv2%2Fcategories&post=668"},{"taxonomy":"post_tag","embeddable":true,"href":"http:\/\/www.chapelle-crecy.com\/index.php?rest_route=%2Fwp%2Fv2%2Ftags&post=668"}],"curies":[{"name":"wp","href":"https:\/\/api.w.org\/{rel}","templated":true}]}}