{"id":671,"date":"2013-12-21T10:58:10","date_gmt":"2013-12-21T10:58:10","guid":{"rendered":""},"modified":"-0001-11-30T00:00:00","modified_gmt":"-0001-11-29T22:00:00","slug":"","status":"publish","type":"post","link":"http:\/\/www.chapelle-crecy.com\/?p=671","title":{"rendered":"Annonces de la p\u00e9riode du 22 d\u00e9cembre 2013 au 5 janvier 2014"},"content":{"rendered":"<table bgcolor =\"F0FAFF\" border=0>\n<tbody>\n<tr>\n<td>\n<div align=\"justify\">\n<div \"611\">Voici les annonces de la p\u00e9riode du dimanche 22 d\u00e9cembre 2013 au dimanche 5 janvier 2014 pour la paroisse des 3 clochers Cr\u00e9cy-la-Chapelle, Villiers-sur-Morin, Voulangis.<br \/>\nDimanche 22 \u00e0\u00a0 10 h 30, messe \u00e0\u00a0 Cr\u00e9cy,<br \/>\nMardi 24 \u00e0\u00a0 20 h 30, messe de la nuit de No\u00f6l \u00e0\u00a0 Cr\u00e9cy, <br \/>\nMercredi 25 \u00e0\u00a0 10 h30, messe de la Nativit\u00e9 \u00e0\u00a0 Villiers,<br \/>\nSamedi 28 \u00e0\u00a0 18 h 30, messe \u00e0\u00a0 Voulangis,<br \/>\nDimanche 29 \u00e0\u00a0 10 h 30, messe de la Sainte Famille \u00e0\u00a0 Cr\u00e9cy,<br \/>\nMercredi 1er janvier, 10 h 30, messe \u00e0\u00a0 Cr\u00e9cy,<br \/>\nSamedi 4 janvier \u00e0\u00a0 18 h 30, messe \u00e0\u00a0 Villiers,<br \/>\nDimanche 5 janvier \u00e0\u00a0 10 h 30, messe de l&rsquo;Epiphanie \u00e0\u00a0 Cr\u00e9cy.<br \/>\nTous les d\u00e9tails dans la suite &#8230;<\/div>\n<\/div>\n<\/td>\n<\/tr>\n<\/tbody>\n<\/table>\n<table bgcolor =\"F0F6FF\" border=0>\n<tbody>\n<tr>\n<td><font color=\"0020FF\">Dimanche 22 d\u00e9cembre<br \/>\n<i>4\u00e8me dimanche de l&rsquo;Avent<\/i><\/font><\/td>\n<td><font color=\"0020FF\">10 h 30  A Cr\u00e9cy, Messe anniversaire pour  Stanislas WALTER.<br \/>\nNous prierons aussi pour Madeleine CARLI.<br \/>\nNous prions \u00e9galement pour Gilberte POTDEVIN et Jean-Yves LAIGROZ inhum\u00e9s cette semaine.<\/font><\/td>\n<td><font color=\"0020FF\"><\/p>\n<div align=\"center\"><img decoding=\"async\" src=\"\/IMG\/gif\/noel_nativite002.gif\" width=150 ><\/div>\n<p><\/font><\/td>\n<\/tr>\n<tr>\n<td width=\"25%\"><font color=\"00CC00\">Lundi 23 d\u00e9cembre<\/font><\/td>\n<td><font color=\"00CC00\"><\/p>\n<div align=\"center\"><img decoding=\"async\" src=\"\/IMG\/gif\/creche13.gif\" width=150><\/div>\n<p><\/font><\/td>\n<td><font color=\"00CC00\">17 h &#8211; Messe de No\u00ebl \u00e0 la Maison de Retraite.<br \/>\n<\/font><\/td>\n<\/tr>\n<tr>\n<td width=\"25%\"><font color=\"0E0C40\">Mardi 24 d\u00e9cembre<\/font><\/td>\n<td><font color=\"0E0C40\">20 h 30 &#8211; Messe de la nuit de No\u00ebl \u00e0 Cr\u00e9cy.<\/font><\/td>\n<td><font color=\"0E0C40\"><\/p>\n<div align=\"center\"><img decoding=\"async\" src=\"\/IMG\/gif\/noel_nativite012.gif\"  ><\/div>\n<p><\/font><\/td>\n<\/tr>\n<tr>\n<td width=\"25%\"><font color=\"0020FF\">Mercredi 25 d\u00e9cembre<\/font><\/td>\n<td><font color=\"0020FF\"><\/p>\n<div align=\"center\"><img decoding=\"async\" src=\"\/IMG\/jpg\/creche_cire.jpg\"  width=150><\/div>\n<p><\/font><\/td>\n<td><font color=\"0020FF\">10 h 30 &#8211; Solennit\u00e9 de la Nativit\u00e9 \u00e0 Villiers.<br \/>\n<\/font><\/td>\n<\/tr>\n<tr>\n<td width=\"25%\"><font color=\"00CC00\">Samedi 28 d\u00e9cembre<br \/>\n<i>Saints Innocents<\/i><br \/>\n<\/font><\/td>\n<td><font color=\"00CC00\">18 h 30  Messe \u00e0 Voulangis pour Maryvonne MATHONNET et Michel LEROUX.<\/font><\/td>\n<td><font color=\"00CC00\"><\/p>\n<div align=\"center\"><img decoding=\"async\" src=\"\/IMG\/jpg\/Creche_Afrique.jpg\"  width=200><\/div>\n<p><\/font><\/td>\n<\/tr>\n<tr>\n<td><font color=\"0E0C40\">Dimanche 29 d\u00e9cembre<br \/>\n<i>Sainte Famille<\/i><\/font><\/td>\n<td><font color=\"0E0C40\"><\/p>\n<div align=\"center\"><img decoding=\"async\" src=\"\/IMG\/gif\/noel_nativite027.gif\"  width=150><\/div>\n<p><\/font><\/td>\n<td><font color=\"0E0C40\">10 h 30  A Cr\u00e9cy, Messe anniversaire pour  Stanislas WALTER.<br \/>\nNous prierons aussi pour Madeleine CARLI.<\/font><\/td>\n<\/tr>\n<tr>\n<td width=\"25%\"><font color=\"0020FF\">Lundi 30 d\u00e9cembre<\/font><\/td>\n<td><font color=\"0020FF\">14 h 30 &#8211; A Cr\u00e9cy, Obs\u00e8ques d&rsquo;Andr\u00e9 CHAMPIN<\/font><\/td>\n<td><font color=\"0020FF\">17 h &#8211; C\u00e9l\u00e9bration \u00e0 la Maison de Retraite.<br \/>\n<\/font><\/td>\n<\/tr>\n<tr>\n<td width=\"25%\"><font color=\"00CC00\">Mardi 31 d\u00e9cembre<\/font><\/td>\n<td><font color=\"00CC00\">18 h &#8211; Messe \u00e0 Cr\u00e9cy pour la famille THION-MUNIER et pour Fabrice GAUTHIER.<br \/>\n<\/font><\/td>\n<td><font color=\"00CC00\"><\/p>\n<div align=\"center\"><img decoding=\"async\" src=\"\/IMG\/gif\/noel_nativite019.gif\"  width=150><\/div>\n<p><\/font><\/td>\n<\/tr>\n<tr>\n<td><font color=\"0E0C40\">Mercredi 1er janvier 2014<br \/>\n<\/font><\/td>\n<td><font color=\"0E0C40\"><\/p>\n<div align=\"center\"><img decoding=\"async\" src=\"\/IMG\/lieux\/almeria03.jpg\"  width=150><\/div>\n<p><\/font><\/td>\n<td><font color=\"0E0C40\">10 h 30 &#8211; \u00e0 Cr\u00e9cy, messe de la solennit\u00e9 de Sainte Marie, M\u00e8re de Dieu.<\/font><\/td>\n<\/tr>\n<tr>\n<td width=\"25%\"><font color=\"0020FF\">Samedi 4 janvier<\/font><\/td>\n<td><font color=\"0020FF\">18 h 30 &#8211; Messe \u00e0 Villiers pour Etienne BIGNEBAT et Julien DESHAYES.<br \/>\n<\/font><\/td>\n<td><font color=\"0020FF\"><\/p>\n<div align=\"center\"><img decoding=\"async\" src=\"\/IMG\/gif\/noel_nativite035.gif\"  width=150><\/div>\n<p><\/font><\/td>\n<\/tr>\n<tr>\n<td width=\"25%\"><font color=\"00CC00\">Dimanche 5 janvier<i><br \/>\nEpiphanie du Seigneur<\/i><\/font><\/td>\n<td><font color=\"00CC00\"><\/p>\n<div align=\"center\"><img decoding=\"async\" src=\"\/IMG\/gif\/roismages.gif\"  width=150><\/div>\n<p><\/font><\/td>\n<td><font color=\"00CC00\">10 h 30 &#8211; Messe  \u00e0 Cr\u00e9cy  pour Ren\u00e9e HENQUIN et Suzanne LELARD.<br \/>\nNous prierons \u00e9galement pour Andr\u00e9 CHAMPIN, inhum\u00e9 cette semaine.<br \/>\n<\/font><\/td>\n<\/tr>\n<\/tbody>\n<\/table>\n<div align=\"center\"><img decoding=\"async\" src=\"\/IMG\/gif\/noel_nativite009.gif\"  width=500><\/div>\n","protected":false},"excerpt":{"rendered":"<p>Voici les annonces de la p\u00e9riode du dimanche 22 d\u00e9cembre 2013 au dimanche 5 janvier 2014 pour la paroisse des 3 clochers Cr\u00e9cy-la-Chapelle, Villiers-sur-Morin, Voulangis. Dimanche 22 \u00e0\u00a0 10 h 30, messe \u00e0\u00a0 Cr\u00e9cy,&#46;&#46;&#46;<\/p>\n","protected":false},"author":2,"featured_media":0,"comment_status":"open","ping_status":"open","sticky":false,"template":"","format":"standard","meta":{"footnotes":""},"categories":[],"tags":[],"class_list":["post-671","post","type-post","status-publish","format-standard","hentry"],"_links":{"self":[{"href":"http:\/\/www.chapelle-crecy.com\/index.php?rest_route=\/wp\/v2\/posts\/671","targetHints":{"allow":["GET"]}}],"collection":[{"href":"http:\/\/www.chapelle-crecy.com\/index.php?rest_route=\/wp\/v2\/posts"}],"about":[{"href":"http:\/\/www.chapelle-crecy.com\/index.php?rest_route=\/wp\/v2\/types\/post"}],"author":[{"embeddable":true,"href":"http:\/\/www.chapelle-crecy.com\/index.php?rest_route=\/wp\/v2\/users\/2"}],"replies":[{"embeddable":true,"href":"http:\/\/www.chapelle-crecy.com\/index.php?rest_route=%2Fwp%2Fv2%2Fcomments&post=671"}],"version-history":[{"count":0,"href":"http:\/\/www.chapelle-crecy.com\/index.php?rest_route=\/wp\/v2\/posts\/671\/revisions"}],"wp:attachment":[{"href":"http:\/\/www.chapelle-crecy.com\/index.php?rest_route=%2Fwp%2Fv2%2Fmedia&parent=671"}],"wp:term":[{"taxonomy":"category","embeddable":true,"href":"http:\/\/www.chapelle-crecy.com\/index.php?rest_route=%2Fwp%2Fv2%2Fcategories&post=671"},{"taxonomy":"post_tag","embeddable":true,"href":"http:\/\/www.chapelle-crecy.com\/index.php?rest_route=%2Fwp%2Fv2%2Ftags&post=671"}],"curies":[{"name":"wp","href":"https:\/\/api.w.org\/{rel}","templated":true}]}}