{"id":673,"date":"2013-12-29T14:34:00","date_gmt":"2013-12-29T14:34:00","guid":{"rendered":""},"modified":"-0001-11-30T00:00:00","modified_gmt":"-0001-11-29T22:00:00","slug":"","status":"publish","type":"post","link":"http:\/\/www.chapelle-crecy.com\/?p=673","title":{"rendered":"F\u00eate de la Sainte Famille de J\u00e9sus Marie et Joseph"},"content":{"rendered":"<div align=\"justify\">Au cours de la pri\u00e8re de l&rsquo;Angelus de ce 29 d\u00e9cembre 2013, le pape nous propose aujourd&rsquo;hui d&rsquo;invoquer J\u00e9sus, Marie, Joseph, la Sainte Famille, pour prier pour chacune de nos familles:<br \/>\nPri\u00e8re \u00e0\u00a0 la Sainte Famille<br \/>\nJ\u00e9sus, Marie et Joseph<br \/>\nen vous nous contemplons<br \/>\nla splendeur de l&rsquo;amour v\u00e9ritable,<br \/>\n\u00e0\u00a0 vous nous nous adressons avec confiance.\n<\/div>\n<div align=\"justify\">\n<p> Sainte Famille de Nazareth,<br \/>\n fais aussi de nos familles<br \/>\n des lieux de communion et des c\u00e9nacles de pri\u00e8re,<br \/>\n des \u00e9coles authentiques de l&rsquo;Evangile<br \/>\n et des petites Eglises domestiques.<\/p>\n<p> Sainte Famille de Nazareth,<br \/>\n que jamais plus dans les familles on fasse l&rsquo;exp\u00e9rience<br \/>\n de la violence, de la fermeture et de la division :<br \/>\n que quiconque a \u00e9t\u00e9 bless\u00e9 ou scandalis\u00e9<br \/>\n connaisse rapidement consolation et gu\u00e9rison.<\/p>\n<p> Sainte Famille de Nazareth,<br \/>\n que le prochain Synode des Ev\u00eaques<br \/>\n puisse r\u00e9veiller en tous la conscience<br \/>\n du caract\u00e8re sacr\u00e9 et inviolable de la famille,<br \/>\n sa beaut\u00e9 dans le projet de Dieu.<\/p>\n<p> J\u00e9sus, Marie et Joseph<br \/>\n \u00e9coutez-nous, exaucez notre pri\u00e8re.<\/p>\n<p> Retrouvez cette pri\u00e8re sur le site du vatican:<br \/>\n [http:\/\/www.vatican.va\/->http:\/\/www.vatican.va\/]\n<\/p><\/div>\n","protected":false},"excerpt":{"rendered":"<p>Au cours de la pri\u00e8re de l&rsquo;Angelus de ce 29 d\u00e9cembre 2013, le pape nous propose aujourd&rsquo;hui d&rsquo;invoquer J\u00e9sus, Marie, Joseph, la Sainte Famille, pour prier pour chacune de nos familles: Pri\u00e8re \u00e0\u00a0 la&#46;&#46;&#46;<\/p>\n","protected":false},"author":2,"featured_media":0,"comment_status":"open","ping_status":"open","sticky":false,"template":"","format":"standard","meta":{"footnotes":""},"categories":[],"tags":[],"class_list":["post-673","post","type-post","status-publish","format-standard","hentry"],"_links":{"self":[{"href":"http:\/\/www.chapelle-crecy.com\/index.php?rest_route=\/wp\/v2\/posts\/673","targetHints":{"allow":["GET"]}}],"collection":[{"href":"http:\/\/www.chapelle-crecy.com\/index.php?rest_route=\/wp\/v2\/posts"}],"about":[{"href":"http:\/\/www.chapelle-crecy.com\/index.php?rest_route=\/wp\/v2\/types\/post"}],"author":[{"embeddable":true,"href":"http:\/\/www.chapelle-crecy.com\/index.php?rest_route=\/wp\/v2\/users\/2"}],"replies":[{"embeddable":true,"href":"http:\/\/www.chapelle-crecy.com\/index.php?rest_route=%2Fwp%2Fv2%2Fcomments&post=673"}],"version-history":[{"count":0,"href":"http:\/\/www.chapelle-crecy.com\/index.php?rest_route=\/wp\/v2\/posts\/673\/revisions"}],"wp:attachment":[{"href":"http:\/\/www.chapelle-crecy.com\/index.php?rest_route=%2Fwp%2Fv2%2Fmedia&parent=673"}],"wp:term":[{"taxonomy":"category","embeddable":true,"href":"http:\/\/www.chapelle-crecy.com\/index.php?rest_route=%2Fwp%2Fv2%2Fcategories&post=673"},{"taxonomy":"post_tag","embeddable":true,"href":"http:\/\/www.chapelle-crecy.com\/index.php?rest_route=%2Fwp%2Fv2%2Ftags&post=673"}],"curies":[{"name":"wp","href":"https:\/\/api.w.org\/{rel}","templated":true}]}}