{"id":674,"date":"2013-12-31T13:22:50","date_gmt":"2013-12-31T13:22:50","guid":{"rendered":""},"modified":"-0001-11-30T00:00:00","modified_gmt":"-0001-11-29T22:00:00","slug":"","status":"publish","type":"post","link":"http:\/\/www.chapelle-crecy.com\/?p=674","title":{"rendered":"Le P\u00e8re Vandenbeus\u00e2\u20ac\u2039ch est libre !"},"content":{"rendered":"<div align=justify\">\nC&rsquo;est l&rsquo;excellente nouvelle de cette derni\u00e8re journ\u00e9e de l&rsquo;ann\u00e9e civile, le P\u00e8re Georges Vandenbeusch a \u00e9t\u00e9 retrouv\u00e9 t\u00f4t ce matin sans doute au nord du Cameroun. L&rsquo;information a \u00e9t\u00e9 donn\u00e9e ce matin par le Pr\u00e9sident de la R\u00e9publique qui a remerci\u00e9 les Pr\u00e9sidents Nig\u00e9rian et Camerounais de leurs efforts. Il a d\u00e9p\u00each\u00e9 le ministre des Affaires \u00e9trang\u00e8res, Laurent Fabius, \u00e0\u00a0 Yaound\u00e9, capitale du Cameroun, pour rapatrier le P\u00e8re Vandenbeusch dont on signale qu&rsquo;il serait en bonne sant\u00e9. Apr\u00e8s 47 jours de d\u00e9tention, ce pr\u00eatre fidei donum est d\u00e9sormais libre. Nos pri\u00e8res et nos Messes auront \u00e9t\u00e9 entendues par le Tout Puissant. Deo gratias !<\/div>\n<p>Nous pouvons terminer l&rsquo;ann\u00e9e dans la pri\u00e8re. Pour aujourd&rsquo;hui, nous vous proposons:<br \/>\n 1. une neuvaine d&rsquo;action de gr\u00e2ce d\u00e8s aujourd&rsquo;hui  dix Je Vous salue Marie  en remerciement \u00e0 notre M\u00e8re du Ciel pour sa puissance intercession ;<br \/>\n 2. remercions le P\u00e8re Aim\u00e9 et tous les pr\u00eatres du p\u00f4le missionaire de Meaux \u00e0 qui nous avons confi\u00e9 des intentions de Messe pour la lib\u00e9ration du P\u00e8re Vandenbeus\u00e2\u20ac\u2039ch.<br \/>\n  Nous pouvons faire dire pour lui des messes d&rsquo;action de gr\u00e2ce. Notre Dieu est un Dieu bon, sachons le reconna \u00eetre et toujours le remercier de ses bont\u00e9s pour nous.<br \/>\n Soyons dans la joie !<br \/>\n Bonne, sainte et joyeuse ann\u00e9e 2014 \u00e0 tous !<\/p>\n","protected":false},"excerpt":{"rendered":"","protected":false},"author":2,"featured_media":0,"comment_status":"open","ping_status":"open","sticky":false,"template":"","format":"standard","meta":{"footnotes":""},"categories":[],"tags":[],"class_list":["post-674","post","type-post","status-publish","format-standard","hentry"],"_links":{"self":[{"href":"http:\/\/www.chapelle-crecy.com\/index.php?rest_route=\/wp\/v2\/posts\/674","targetHints":{"allow":["GET"]}}],"collection":[{"href":"http:\/\/www.chapelle-crecy.com\/index.php?rest_route=\/wp\/v2\/posts"}],"about":[{"href":"http:\/\/www.chapelle-crecy.com\/index.php?rest_route=\/wp\/v2\/types\/post"}],"author":[{"embeddable":true,"href":"http:\/\/www.chapelle-crecy.com\/index.php?rest_route=\/wp\/v2\/users\/2"}],"replies":[{"embeddable":true,"href":"http:\/\/www.chapelle-crecy.com\/index.php?rest_route=%2Fwp%2Fv2%2Fcomments&post=674"}],"version-history":[{"count":0,"href":"http:\/\/www.chapelle-crecy.com\/index.php?rest_route=\/wp\/v2\/posts\/674\/revisions"}],"wp:attachment":[{"href":"http:\/\/www.chapelle-crecy.com\/index.php?rest_route=%2Fwp%2Fv2%2Fmedia&parent=674"}],"wp:term":[{"taxonomy":"category","embeddable":true,"href":"http:\/\/www.chapelle-crecy.com\/index.php?rest_route=%2Fwp%2Fv2%2Fcategories&post=674"},{"taxonomy":"post_tag","embeddable":true,"href":"http:\/\/www.chapelle-crecy.com\/index.php?rest_route=%2Fwp%2Fv2%2Ftags&post=674"}],"curies":[{"name":"wp","href":"https:\/\/api.w.org\/{rel}","templated":true}]}}