{"id":675,"date":"2014-01-01T00:00:00","date_gmt":"2014-01-01T00:00:00","guid":{"rendered":""},"modified":"-0001-11-30T00:00:00","modified_gmt":"-0001-11-29T22:00:00","slug":"","status":"publish","type":"post","link":"http:\/\/www.chapelle-crecy.com\/?p=675","title":{"rendered":"Bonne Ann\u00e9e 2014 !"},"content":{"rendered":"<div align=\"justify\"> Toute la paroisse de Cr\u00e9cy-la-Chapelle vous adresse ses meilleurs voeux pour l&rsquo;ann\u00e9e 2014. Qu&rsquo;elle apporte \u00e0\u00a0 tous et chacun de vous, joie, bonheur et paix.<\/p>\n<p>Pri\u00e8re pour la paix<\/p>\n<p>P\u00e8re tout Amour,<br \/>\nlent \u00e0\u00a0 la col\u00e8re et plein de tendresse,<br \/>\nnous te prions pour la paix dans le monde.<\/p>\n<p>Vois les menaces de guerre et de vengeance<br \/>\nqui s\u00e9vissent pr\u00e9sentement<br \/>\net qui mettent en danger<br \/>\nla paix et le bonheur de tes enfants,<br \/>\nici et l\u00e0\u00a0 sur notre terre.<\/p>\n<p>Touche le coeur des dirigeants politiques<br \/>\net inspire-leur les bons mouvements<br \/>\nqui leur fassent d\u00e9couvrir<br \/>\ndes chemins plus humains<br \/>\net plus conformes \u00e0\u00a0 tes d\u00e9sirs.<\/p>\n<p>Et toi, J\u00e9sus, Prince de la Paix,<br \/>\nguide les pas de nos d\u00e9cideurs.<br \/>\nMets dans leurs coeurs<br \/>\ntes propres sentiments<br \/>\net rends-les plus ouverts \u00e0\u00a0 la paix,<br \/>\ndans le sens de ton message d&rsquo;amour<br \/>\net de la Bonne Nouvelle<br \/>\nque tu es venu apporter au monde.<\/p>\n<p>Esprit Saint, Souffle de vie,<br \/>\nchange nos coeurs<br \/>\net inspire \u00e0\u00a0 tous nos chefs<br \/>\nles voies pacifiques<br \/>\nde l&rsquo;entente et de la rencontre.<\/p>\n<p>Marie, Reine de la Paix,<br \/>\nnous comptons sur ton aide maternelle<br \/>\npour que la fraternit\u00e9 internationale<br \/>\nsoit plus grande et plus forte<br \/>\net produise des fruits d&rsquo;amiti\u00e9 et de paix.<br \/>\nAmen.\n<\/p><\/div>\n","protected":false},"excerpt":{"rendered":"<p>Toute la paroisse de Cr\u00e9cy-la-Chapelle vous adresse ses meilleurs voeux pour l&rsquo;ann\u00e9e 2014. Qu&rsquo;elle apporte \u00e0\u00a0 tous et chacun de vous, joie, bonheur et paix. Pri\u00e8re pour la paix P\u00e8re tout Amour, lent \u00e0\u00a0&#46;&#46;&#46;<\/p>\n","protected":false},"author":2,"featured_media":0,"comment_status":"open","ping_status":"open","sticky":false,"template":"","format":"standard","meta":{"footnotes":""},"categories":[],"tags":[],"class_list":["post-675","post","type-post","status-publish","format-standard","hentry"],"_links":{"self":[{"href":"http:\/\/www.chapelle-crecy.com\/index.php?rest_route=\/wp\/v2\/posts\/675","targetHints":{"allow":["GET"]}}],"collection":[{"href":"http:\/\/www.chapelle-crecy.com\/index.php?rest_route=\/wp\/v2\/posts"}],"about":[{"href":"http:\/\/www.chapelle-crecy.com\/index.php?rest_route=\/wp\/v2\/types\/post"}],"author":[{"embeddable":true,"href":"http:\/\/www.chapelle-crecy.com\/index.php?rest_route=\/wp\/v2\/users\/2"}],"replies":[{"embeddable":true,"href":"http:\/\/www.chapelle-crecy.com\/index.php?rest_route=%2Fwp%2Fv2%2Fcomments&post=675"}],"version-history":[{"count":0,"href":"http:\/\/www.chapelle-crecy.com\/index.php?rest_route=\/wp\/v2\/posts\/675\/revisions"}],"wp:attachment":[{"href":"http:\/\/www.chapelle-crecy.com\/index.php?rest_route=%2Fwp%2Fv2%2Fmedia&parent=675"}],"wp:term":[{"taxonomy":"category","embeddable":true,"href":"http:\/\/www.chapelle-crecy.com\/index.php?rest_route=%2Fwp%2Fv2%2Fcategories&post=675"},{"taxonomy":"post_tag","embeddable":true,"href":"http:\/\/www.chapelle-crecy.com\/index.php?rest_route=%2Fwp%2Fv2%2Ftags&post=675"}],"curies":[{"name":"wp","href":"https:\/\/api.w.org\/{rel}","templated":true}]}}