{"id":676,"date":"2014-01-05T10:58:00","date_gmt":"2014-01-05T10:58:00","guid":{"rendered":""},"modified":"-0001-11-30T00:00:00","modified_gmt":"-0001-11-29T22:00:00","slug":"","status":"publish","type":"post","link":"http:\/\/www.chapelle-crecy.com\/?p=676","title":{"rendered":"Y a-t-il une \u00e9toile dans nos vies?"},"content":{"rendered":"<div align=\"justify\">\nVoil\u00e0\u00a0 une curieuse question, me direz-vous? Et pourtant, en ce temps de No\u00f6l, n&rsquo;est-ce pas l&rsquo;occasion de nous la poser? Car, nous connaissons tous l&rsquo;histoire de cette \u00e9tonnante \u00e9toile qui a conduit les mages, des hommes pourtant f\u00e9rus d&rsquo;astrologie, jusqu&rsquo;\u00e0\u00a0 une pauvre \u00e9table perdue en Jud\u00e9e, et pour voir qui ?\n<\/div>\n<p><TABLE border=0 WIDTH=560 HEIGHT=200><br \/>\n<TR><br \/>\n<TD bgcolor =\"#87CEFA\" WIDTH=200 HEIGHT=100><\/p>\n<div align=\"justify\">\nUn enfant nouveau-n\u00e9, dans le plus strict d\u00e9nuement, seulement r\u00e9chauff\u00e9 par le souffle d&rsquo;un \u00e2ne et d&rsquo;un boeuf! Quelle extraordinaire aventure que celle-ci ! Et ces mages, issus d&rsquo;un lointain Orient, viennent offrir leurs richesses: de l&rsquo;or, de l&rsquo;encens, et de la myrrhe.<br \/>\n Curieuse question, en effet, car d&rsquo;aucuns diront: comment distinguer particuli\u00e8rement une \u00e9toile parmi les milliards d&rsquo;\u00e9toiles existant dans le ciel?<br \/>\n Et nos vies personnelles, ne sont-elles pas elles-m\u00eames envahies par des dizaines d&rsquo;\u00e9toiles? Ne sommes-nous pas attach\u00e9s, en admiration, devant telle \u00e9toile, telle \u00ab\u00a0star\u00a0\u00bb du chant, de la danse, de la politique spectacle, bien assis devant notre ins\u00e9parable t\u00e9l\u00e9vision? <\/div>\n<p><\/TD><\/p>\n<p><TD bgcolor =\"#FFA500\" WIDTH=200 HEIGHT=100><\/p>\n<div align=\"justify\">\nEt nos nouvelles \u00e9toiles ne seraient-elles pas notre t\u00e9l\u00e9phone portable ou notre ordinateur qui, gr\u00e2ce \u00e0 internet, nous font r\u00eaver de tout?<br \/>\n Des \u00e9toiles&#8230; oui, nous en sommes environn\u00e9s; mais la plupart sont des \u00e9toiles filantes ! Ce n&rsquo;est donc pas \u00e0 celles-ci que nous allons attacher nos vies.<br \/>\n Non, pour nous chr\u00e9tiens, l&rsquo;\u00e9toile que nous devons chercher c&rsquo;est celle qui nous donnera la lumi\u00e8re indispensable pour \u00e9clairer nos vies.<br \/>\n C&rsquo;est peut-\u00eatre, dans nos nuits de doute, de tristesse ou de solitude que nous d\u00e9couvrirons la petite lampe int\u00e9rieure, la petite veilleuse qui existe en chacun de nous.\n<\/div>\n<p><\/TD><br \/>\n<\/TR><\/p>\n<p><\/TABLE> <\/p>\n<table bgcolor =\"#04B404\" border=0>\n<tbody>\n<tr>\n<td>\n<div align=\"justify\"><FONT color=\"#CEF6F5\"><br \/>\n Edmond Rostand l&rsquo;a \u00e9crit dans \u00ab\u00a0Chantecler\u00a0\u00bb: \u00ab\u00a0c&rsquo;est dans la nuit qu&rsquo;il est beau de croire \u00e0 la lumi\u00e8re\u00a0\u00bb. Pour nous chr\u00e9tiens, cette lumi\u00e8re qui guidera nos vies, elle est n\u00e9e dans la nuit de No\u00ebl, \u00e0 B\u00e9thl\u00e9em, en Jud\u00e9e.<br \/>\n Notre \u00e9toile, c&rsquo;est Lui, J\u00e9sus, qui proclamera plus tard:  Je suis, le chemin, la v\u00e9rit\u00e9, la vie.<br \/>\n Accepterons-nous de LE suivre?<\/p>\n<p><\/FONT><\/div>\n<\/td>\n<\/tr>\n<\/tbody>\n<\/table>\n","protected":false},"excerpt":{"rendered":"<p>Voil\u00e0\u00a0 une curieuse question, me direz-vous? Et pourtant, en ce temps de No\u00f6l, n&rsquo;est-ce pas l&rsquo;occasion de nous la poser? Car, nous connaissons tous l&rsquo;histoire de cette \u00e9tonnante \u00e9toile qui a conduit les mages,&#46;&#46;&#46;<\/p>\n","protected":false},"author":2,"featured_media":0,"comment_status":"open","ping_status":"open","sticky":false,"template":"","format":"standard","meta":{"footnotes":""},"categories":[],"tags":[],"class_list":["post-676","post","type-post","status-publish","format-standard","hentry"],"_links":{"self":[{"href":"http:\/\/www.chapelle-crecy.com\/index.php?rest_route=\/wp\/v2\/posts\/676","targetHints":{"allow":["GET"]}}],"collection":[{"href":"http:\/\/www.chapelle-crecy.com\/index.php?rest_route=\/wp\/v2\/posts"}],"about":[{"href":"http:\/\/www.chapelle-crecy.com\/index.php?rest_route=\/wp\/v2\/types\/post"}],"author":[{"embeddable":true,"href":"http:\/\/www.chapelle-crecy.com\/index.php?rest_route=\/wp\/v2\/users\/2"}],"replies":[{"embeddable":true,"href":"http:\/\/www.chapelle-crecy.com\/index.php?rest_route=%2Fwp%2Fv2%2Fcomments&post=676"}],"version-history":[{"count":0,"href":"http:\/\/www.chapelle-crecy.com\/index.php?rest_route=\/wp\/v2\/posts\/676\/revisions"}],"wp:attachment":[{"href":"http:\/\/www.chapelle-crecy.com\/index.php?rest_route=%2Fwp%2Fv2%2Fmedia&parent=676"}],"wp:term":[{"taxonomy":"category","embeddable":true,"href":"http:\/\/www.chapelle-crecy.com\/index.php?rest_route=%2Fwp%2Fv2%2Fcategories&post=676"},{"taxonomy":"post_tag","embeddable":true,"href":"http:\/\/www.chapelle-crecy.com\/index.php?rest_route=%2Fwp%2Fv2%2Ftags&post=676"}],"curies":[{"name":"wp","href":"https:\/\/api.w.org\/{rel}","templated":true}]}}