{"id":677,"date":"2014-01-16T00:42:00","date_gmt":"2014-01-16T00:42:00","guid":{"rendered":""},"modified":"-0001-11-30T00:00:00","modified_gmt":"-0001-11-29T22:00:00","slug":"","status":"publish","type":"post","link":"http:\/\/www.chapelle-crecy.com\/?p=677","title":{"rendered":"La f\u00eate de l&rsquo;amiti\u00e9 \u00e0\u00a0 Cr\u00e9cy version 2014"},"content":{"rendered":"<div align=\"justify\">Le Comit\u00e9 Jean-Baptiste Vianney (collectif de b\u00e9n\u00e9voles qui a en charge toutes les activit\u00e9s festives de la paroisse de Cr\u00e9cy) est heureux de vous pr\u00e9senter ses voeux pour la nouvelle ann\u00e9e.<\/p>\n<p style=\"padding:5px;border:2px solid orange;\">Toute l&rsquo;\u00e9quipe a \u00e9galement la joie de vous annoncer la date de la prochaine soir\u00e9e de l&rsquo;amiti\u00e9 qui aura lieu le le samedi 1er f\u00e9vrier \u00e0\u00a0 partir de 19h45 \u00e0\u00a0 la salle Altmann de Cr\u00e9cy-la-Chapelle !<\/p>\n<p>Vous aurez l&rsquo;assurance de vous retrouver entre amis autour d&rsquo;un bon repas, le plaisir de passer une excellente soir\u00e9e gr ce aux animations in\u00e9dites qui vous seront propos\u00e9es et surtout le bonheur de nous retrouver tous ensemble et de faire connaissance avec les heureux bienvenus qui d\u00e9couvriront cette soir\u00e9e incontournable, pour la premi\u00e8re fois.<br \/>\nPour les inscriptions, merci de contacter rapidement Michel Perrin au 06 05 04 19 84 ou Jacques Guillaumy au 06 18 41 14 18<br \/>\n, le nombre de places est limit\u00e9 !\n<\/p><\/div>\n","protected":false},"excerpt":{"rendered":"<p>Le Comit\u00e9 Jean-Baptiste Vianney (collectif de b\u00e9n\u00e9voles qui a en charge toutes les activit\u00e9s festives de la paroisse de Cr\u00e9cy) est heureux de vous pr\u00e9senter ses voeux pour la nouvelle ann\u00e9e. Toute l&rsquo;\u00e9quipe a&#46;&#46;&#46;<\/p>\n","protected":false},"author":2,"featured_media":0,"comment_status":"open","ping_status":"open","sticky":false,"template":"","format":"standard","meta":{"footnotes":""},"categories":[],"tags":[],"class_list":["post-677","post","type-post","status-publish","format-standard","hentry"],"_links":{"self":[{"href":"http:\/\/www.chapelle-crecy.com\/index.php?rest_route=\/wp\/v2\/posts\/677","targetHints":{"allow":["GET"]}}],"collection":[{"href":"http:\/\/www.chapelle-crecy.com\/index.php?rest_route=\/wp\/v2\/posts"}],"about":[{"href":"http:\/\/www.chapelle-crecy.com\/index.php?rest_route=\/wp\/v2\/types\/post"}],"author":[{"embeddable":true,"href":"http:\/\/www.chapelle-crecy.com\/index.php?rest_route=\/wp\/v2\/users\/2"}],"replies":[{"embeddable":true,"href":"http:\/\/www.chapelle-crecy.com\/index.php?rest_route=%2Fwp%2Fv2%2Fcomments&post=677"}],"version-history":[{"count":0,"href":"http:\/\/www.chapelle-crecy.com\/index.php?rest_route=\/wp\/v2\/posts\/677\/revisions"}],"wp:attachment":[{"href":"http:\/\/www.chapelle-crecy.com\/index.php?rest_route=%2Fwp%2Fv2%2Fmedia&parent=677"}],"wp:term":[{"taxonomy":"category","embeddable":true,"href":"http:\/\/www.chapelle-crecy.com\/index.php?rest_route=%2Fwp%2Fv2%2Fcategories&post=677"},{"taxonomy":"post_tag","embeddable":true,"href":"http:\/\/www.chapelle-crecy.com\/index.php?rest_route=%2Fwp%2Fv2%2Ftags&post=677"}],"curies":[{"name":"wp","href":"https:\/\/api.w.org\/{rel}","templated":true}]}}