{"id":678,"date":"2014-01-03T22:58:57","date_gmt":"2014-01-03T22:58:57","guid":{"rendered":""},"modified":"-0001-11-30T00:00:00","modified_gmt":"-0001-11-29T22:00:00","slug":"","status":"publish","type":"post","link":"http:\/\/www.chapelle-crecy.com\/?p=678","title":{"rendered":"Annonces de la semaine du 6 au 12 janvier 2015"},"content":{"rendered":"<table bgcolor =\"F0FAFF\" border=0>\n<tbody>\n<tr>\n<td>\n<div align=\"justify\">\n<div \"618\">Voici les annonces de la semaine du lundi 6 au dimanche 12 janvier 2015 pour la paroisse des 3 clochers Cr\u00e9cy-la-Chapelle, Villiers-sur-Morin, Voulangis. <br \/>\nSamedi 11 \u00e0\u00a0 18 h 30, messe \u00e0\u00a0 Voulangis,<br \/>\nDimanche 12 \u00e0\u00a0 10 h 30, messe \u00e0\u00a0 Cr\u00e9cy.<br \/>\nTous les d\u00e9tails dans la suite &#8230;<\/div>\n<\/div>\n<\/td>\n<\/tr>\n<\/tbody>\n<\/table>\n<table bgcolor =\"F0F6FF\" border=0>\n<tbody>\n<tr>\n<td width=\"25%\"><font color=\"00CC00\">Lundi 6 janvier<\/font><\/td>\n<td><font color=\"00CC00\">14 h 30 &#8211; R\u00e9union de l&rsquo;Equipe du Rosaire chez Madame LOUIS.<br \/>\n17 h &#8211; Messe \u00e0 la Maison de Retraite pour les Ames du Purgatoire.<br \/>\n<\/font><\/td>\n<td><font color=\"00CC00\">20 h 30  R\u00e9union des permanents de l&rsquo;Equipe d&rsquo;Accueil.<br \/>\n20 h 30 : adoration du St Sacrement \u00e0 la chapelle de la Vierge.<br \/> <br \/>\n<\/font><\/td>\n<\/tr>\n<tr>\n<td width=\"25%\"><font color=\"0E0C40\">Mardi 7 janvier<\/font><\/td>\n<td><font color=\"0E0C40\">9 h &#8211; Messe \u00e0 Cr\u00e9cy pour Ghislaine DEBRABANDER et Claude LAUX.<\/font><\/td>\n<td><font color=\"0E0C40\">15 h &#8211; Obs\u00e8ques \u00e0 Villiers de Germaine VERNILLET.<br \/> <\/font><\/td>\n<\/tr>\n<tr>\n<td width=\"25%\"><font color=\"0020FF\">Mercredi 8 janvier<\/font><\/td>\n<td><font color=\"0020FF\">15 h &#8211; Obs\u00e8ques \u00e0 Cr\u00e9cy de Liliane THIOUX.<br \/>\n18 h &#8211; Messe \u00e0 Cr\u00e9cy pour Janine BASSARD  et  Yvonne PERARDOT.<\/font><\/td>\n<td><font color=\"0020FF\">20 h 30 &#8211; R\u00e9union de l&rsquo;Equipe d&rsquo;Animation Pastorale.<\/font><\/td>\n<\/tr>\n<tr>\n<td><font color=\"00CC00\">Jeudi 9 janvier<\/font><\/td>\n<td><font color=\"00CC00\">9 h -Messe \u00e0 Cr\u00e9cy pour Ren\u00e9e THIEBAULT et Jean-Yves LAIGROZ.<\/font><\/td>\n<td><font color=\"00CC00\"><\/p>\n<div align=\"center\"><img decoding=\"async\" src=\"\/IMG\/lieux\/sanjuan05.jpg\"  width=150><\/div>\n<p><\/font><\/td>\n<\/tr>\n<tr>\n<td><font color=\"0E0C40\">Vendredi 10 janvier<\/font><\/td>\n<td><font color=\"0E0C40\">9 h &#8211; Messe \u00e0 Cr\u00e9cy pour Pierre LOUIS Lucien GORRET<\/font><\/td>\n<td><font color=\"0E0C40\">20 h 30  R\u00e9union de pr\u00e9paration de la soir\u00e9e de l&rsquo;amiti\u00e9.<\/font><\/td>\n<\/tr>\n<tr>\n<td width=\"25%\"><font color=\"0020FF\">Samedi 11 janvier<\/font><\/td>\n<td><font color=\"0020FF\">10 h 45 &#8211; A Voulangis obs\u00e8ques de Michel DEDIEU.<\/p>\n<p>18 h 30 &#8211; Messe \u00e0 Voulangis pour Raymonde LEROUX.<br \/>\n<\/font><\/td>\n<td><font color=\"0020FF\"><\/p>\n<div align=\"center\"><img decoding=\"async\" src=\"\/IMG\/lieux\/voulangis_eglise4.jpg\"  width=150><\/div>\n<p><\/font><\/td>\n<\/tr>\n<tr>\n<td><font color=\"00CC00\">Dimanche 12 janvier<br \/>\n<i>Bapt\u00eame du Seigneur<\/i><\/font><\/td>\n<td><font color=\"00CC00\"><\/p>\n<div align=\"center\"><img decoding=\"async\" src=\"\/IMG\/lieux\/stgeorges05.jpg\"  width=150><\/div>\n<p><\/font><\/td>\n<td><font color=\"00CC00\">10 h 30  Messe \u00e0 Cr\u00e9cy pour Marie LANDRIEUX et Olivier LANDRIEUX.<\/font><\/td>\n<\/tr>\n<\/tbody>\n<\/table>\n","protected":false},"excerpt":{"rendered":"<p>Voici les annonces de la semaine du lundi 6 au dimanche 12 janvier 2015 pour la paroisse des 3 clochers Cr\u00e9cy-la-Chapelle, Villiers-sur-Morin, Voulangis. Samedi 11 \u00e0\u00a0 18 h 30, messe \u00e0\u00a0 Voulangis, Dimanche 12&#46;&#46;&#46;<\/p>\n","protected":false},"author":2,"featured_media":0,"comment_status":"open","ping_status":"open","sticky":false,"template":"","format":"standard","meta":{"footnotes":""},"categories":[],"tags":[],"class_list":["post-678","post","type-post","status-publish","format-standard","hentry"],"_links":{"self":[{"href":"http:\/\/www.chapelle-crecy.com\/index.php?rest_route=\/wp\/v2\/posts\/678","targetHints":{"allow":["GET"]}}],"collection":[{"href":"http:\/\/www.chapelle-crecy.com\/index.php?rest_route=\/wp\/v2\/posts"}],"about":[{"href":"http:\/\/www.chapelle-crecy.com\/index.php?rest_route=\/wp\/v2\/types\/post"}],"author":[{"embeddable":true,"href":"http:\/\/www.chapelle-crecy.com\/index.php?rest_route=\/wp\/v2\/users\/2"}],"replies":[{"embeddable":true,"href":"http:\/\/www.chapelle-crecy.com\/index.php?rest_route=%2Fwp%2Fv2%2Fcomments&post=678"}],"version-history":[{"count":0,"href":"http:\/\/www.chapelle-crecy.com\/index.php?rest_route=\/wp\/v2\/posts\/678\/revisions"}],"wp:attachment":[{"href":"http:\/\/www.chapelle-crecy.com\/index.php?rest_route=%2Fwp%2Fv2%2Fmedia&parent=678"}],"wp:term":[{"taxonomy":"category","embeddable":true,"href":"http:\/\/www.chapelle-crecy.com\/index.php?rest_route=%2Fwp%2Fv2%2Fcategories&post=678"},{"taxonomy":"post_tag","embeddable":true,"href":"http:\/\/www.chapelle-crecy.com\/index.php?rest_route=%2Fwp%2Fv2%2Ftags&post=678"}],"curies":[{"name":"wp","href":"https:\/\/api.w.org\/{rel}","templated":true}]}}