{"id":679,"date":"2014-01-10T05:11:00","date_gmt":"2014-01-10T05:11:00","guid":{"rendered":""},"modified":"-0001-11-30T00:00:00","modified_gmt":"-0001-11-29T22:00:00","slug":"","status":"publish","type":"post","link":"http:\/\/www.chapelle-crecy.com\/?p=679","title":{"rendered":"Le P\u00f4le Missionnaire de Meaux met les petits plats dans les grands en ce d\u00e9but d&rsquo;ann\u00e9e !"},"content":{"rendered":"<p><TABLE border=0 WIDTH=571 HEIGHT=50><br \/>\n<TR><br \/>\n<TD bgcolor =\"#87CEFA\" WIDTH=20 HEIGHT=50><\/p>\n<div align=\"justify\">\n&#8211;         Groupe oecum\u00e9nique de Meaux \/ 19 Janvier 2014<br \/>\n&#8211;         Hospitalit\u00e9 Notre Dame de Lourdes du dioc\u00e8se de Meaux \/ Recherche Hospitalier, Hospitali\u00e8re<br \/>\n&#8211;         ALPHA \/ Invitation 15 Janvier 2014<br \/>\n&#8211;         Pastorale de la Sant\u00e9 \/ Dimanche de la sant\u00e9 9 F\u00e9vrier 2014<br \/>\n&#8211;         Repas de P\u00f4le le 9 F\u00e9vrier prochain \u00e0\u00a0 la salle polyvalente de Nanteuil-l\u00e8s-Meaux<\/div>\n<p><\/TD><\/p>\n<p><TD bgcolor =\"#F0FFFF\" WIDTH=200 HEIGHT=50><\/p>\n<div align=\"justify\">\n<h1 style=\"background-color: red;\">\n<div align=\"left\">Edito<\/div>\n<\/h1>\n<p>Chers amis,<br \/>\nBonne ann\u00e9e 2014 \u00e0\u00a0 toutes et \u00e0\u00a0 tous dans la joie et la paix du Seigneur au service de la mission d&rsquo;annonce de l&rsquo;Evangile dans notre P\u00f4le de Meaux dans le dynamisme de Mission en Actes.<br \/>\nMerci \u00e0\u00a0 vous pour tout ce que vous faites au service de la communion fraternelle et l&rsquo;\u00e9vang\u00e9lisation et soyez assur\u00e9s de mon d\u00e9vouement, de mon amiti\u00e9 et de ma pri\u00e8re.<br \/>\nP\u00e8re Philippe Legrand<br \/>\nPS: retrouvez en fin de cet article, en pi\u00e8ce jointe, le planning des messes sur l&rsquo;ensemble du P\u00f4le de Meaux de janvier \u00e0\u00a0 mars 2014.\n<\/p><\/div>\n<p><\/TD><br \/>\n<\/TR><\/p>\n<p><\/TABLE><\/p>\n<h1 style=\"background-color: orange;\">\n<div align=\"center\">L&rsquo;unit\u00e9 des chr\u00e9tiens<\/div>\n<\/h1>\n<p style=\"padding:0px;border:15px solid orange;\">\n<div align=\"center\"><img decoding=\"async\" src=\"\/IMG\/jpg\/unite.jpg \" width=501><\/div>\n<\/p>\n<h1 style=\"background-color: blue;\">\n<div align=\"center\">L&rsquo;hospitalit\u00e9 de Lourdes vous tente?<\/div>\n<\/h1>\n<p style=\"padding:0px;border:5px solid orange;\">\n<div align=\"center\"><img decoding=\"async\" src=\"\/IMG\/jpg\/Lourdes1.jpg \" width=501><\/div>\n<\/p>\n<p style=\"padding:0px;border:5px solid orange;\">\n<div align=\"center\"><img decoding=\"async\" src=\"\/IMG\/jpg\/Lourdes2.jpg\" width=501><\/div>\n<\/p>\n<h1 style=\"background-color: red;\">\n<div align=\"center\">Le parcours Alpha<\/div>\n<\/h1>\n<p style=\"padding:0px;border:5px solid orange;\">\n<div align=\"center\"><img decoding=\"async\" src=\"\/IMG\/jpg\/alpha1-2.jpg \" width=501><\/div>\n<\/p>\n<p style=\"padding:0px;border:5px solid orange;\">\n<div align=\"center\"><img decoding=\"async\" src=\"\/IMG\/jpg\/alpha2-2.jpg\" width=501><\/div>\n<\/p>\n<h1 style=\"background-color: green;\">\n<div align=\"center\">La Pastorale de la Sant\u00e9<\/div>\n<\/h1>\n<p style=\"padding:0px;border:5px solid orange;\">\n<div align=\"center\"><img decoding=\"async\" src=\"\/IMG\/jpg\/sante1.jpg \" width=501><\/div>\n<\/p>\n<p style=\"padding:0px;border:5px solid orange;\">\n<div align=\"center\"><img decoding=\"async\" src=\"\/IMG\/jpg\/sante2.jpg\" width=501><\/div><\/p>\n","protected":false},"excerpt":{"rendered":"<p>&#8211; Groupe oecum\u00e9nique de Meaux \/ 19 Janvier 2014 &#8211; Hospitalit\u00e9 Notre Dame de Lourdes du dioc\u00e8se de Meaux \/ Recherche Hospitalier, Hospitali\u00e8re &#8211; ALPHA \/ Invitation 15 Janvier 2014 &#8211; Pastorale de la&#46;&#46;&#46;<\/p>\n","protected":false},"author":2,"featured_media":0,"comment_status":"open","ping_status":"open","sticky":false,"template":"","format":"standard","meta":{"footnotes":""},"categories":[],"tags":[],"class_list":["post-679","post","type-post","status-publish","format-standard","hentry"],"_links":{"self":[{"href":"http:\/\/www.chapelle-crecy.com\/index.php?rest_route=\/wp\/v2\/posts\/679","targetHints":{"allow":["GET"]}}],"collection":[{"href":"http:\/\/www.chapelle-crecy.com\/index.php?rest_route=\/wp\/v2\/posts"}],"about":[{"href":"http:\/\/www.chapelle-crecy.com\/index.php?rest_route=\/wp\/v2\/types\/post"}],"author":[{"embeddable":true,"href":"http:\/\/www.chapelle-crecy.com\/index.php?rest_route=\/wp\/v2\/users\/2"}],"replies":[{"embeddable":true,"href":"http:\/\/www.chapelle-crecy.com\/index.php?rest_route=%2Fwp%2Fv2%2Fcomments&post=679"}],"version-history":[{"count":0,"href":"http:\/\/www.chapelle-crecy.com\/index.php?rest_route=\/wp\/v2\/posts\/679\/revisions"}],"wp:attachment":[{"href":"http:\/\/www.chapelle-crecy.com\/index.php?rest_route=%2Fwp%2Fv2%2Fmedia&parent=679"}],"wp:term":[{"taxonomy":"category","embeddable":true,"href":"http:\/\/www.chapelle-crecy.com\/index.php?rest_route=%2Fwp%2Fv2%2Fcategories&post=679"},{"taxonomy":"post_tag","embeddable":true,"href":"http:\/\/www.chapelle-crecy.com\/index.php?rest_route=%2Fwp%2Fv2%2Ftags&post=679"}],"curies":[{"name":"wp","href":"https:\/\/api.w.org\/{rel}","templated":true}]}}