{"id":680,"date":"2014-01-09T08:26:27","date_gmt":"2014-01-09T08:26:27","guid":{"rendered":""},"modified":"-0001-11-30T00:00:00","modified_gmt":"-0001-11-29T22:00:00","slug":"","status":"publish","type":"post","link":"http:\/\/www.chapelle-crecy.com\/?p=680","title":{"rendered":"La paroisse est en deuil: d\u00e9c\u00e8s de Michel Dedieu"},"content":{"rendered":"<table bgcolor =\"#A9A9A9\" border=0>\n<tbody>\n<tr>\n<td>\n<div align=\"justify\"><FONT color=\"#000000\"><br \/>\nNous avons la douleur de vous apprendre le d\u00e9c\u00e8s de M Michel DEDIEU.<br \/>\nM Dedieu a succomb\u00e9 aux suites d&rsquo;un accident de la route intevenu il y a quelques semaines.<br \/>\nGaragiste \u00e0\u00a0 Voulangis, il \u00e9tait une figure locale connu et appr\u00e9ci\u00e9 de tous.<br \/>\nA toute sa famille, la communaut\u00e9 paroissiale adresse ses sinc\u00e8res condol\u00e9ances et lui fait part de sa vive \u00e9motion face \u00e0\u00a0 cette terrible \u00e9preuve. Nous prions pour lui, pour toute sa famille et ses proches.<\/p>\n<p>La c\u00e9l\u00e9bration de ses fun\u00e9railles aura lieu \u00e0\u00a0 l&rsquo;\u00e9glise de Voulangis, samedi 11 janvier \u00e0\u00a0 11 h 00. Veuillez trouver ci-apr\u00e8s L&rsquo;A Dieu \u00e0\u00a0 Michel Dedieu pr\u00e9par\u00e9 par l&rsquo;\u00e9quipe des fun\u00e9railles de Cr\u00e9cy.\n<\/p><\/div>\n<p><\/FONT>\n<\/td>\n<\/tr>\n<\/tbody>\n<\/table>\n<p><\/body><\/p>\n<div align=\"justify\">\n Nous sommes r\u00e9unis aujourd&rsquo;hui pour l&rsquo;A Dieu \u00e0 Michel Dedieu d\u00e9c\u00e9d\u00e9 le 8 janvier dernier, et c&rsquo;est au nom de l&rsquo;Eglise que la communaut\u00e9 paroissiale de Cr\u00e9cy, Villiers, Voulangis vous accueille et vous t\u00e9moigne de son affection \u00e0 vous, sa famille et ses proches.<\/p>\n<p> Michel Dedieu est n\u00e9 le 28 f\u00e9vrier 1961 \u00e0 Fort de l&rsquo;Eau, en Alg\u00e9rie, tout pr\u00e8s de l&rsquo;a\u00e9roport d&rsquo;Alger o\u00f9 Georges, son papa, \u00e9tait radionavigant.<br \/>\n Tout de suite apr\u00e8s sa naissance la famille rentre en France car Georges commence son stage de pilote.<br \/>\n Michel a donc \u00e9t\u00e9 baptis\u00e9, en 1961, en l&rsquo;\u00e9glise St Jean Baptiste de Leuville-sur-Orge, puis il fit sa profession de foi en 1972.<br \/>\n En 1975 toute la famille d\u00e9m\u00e9nage pour venir s&rsquo;installer \u00e0 Voulangis afin de se rapprocher de l&rsquo;a\u00e9roport de Roissy. Michel est alors scolaris\u00e9 au Coll\u00e8ge d&rsquo;Esbly, jusqu&rsquo;en 3e.<br \/>\n D\u00e8s l&rsquo;\u00e2ge de 5 ans Michel d\u00e9montait tous les r\u00e9veils de la maison. Aussi, c&rsquo;est tout naturellement que Michel pr\u00e9pare, et obtient, un CAP de m\u00e9canique g\u00e9n\u00e9rale au Lyc\u00e9e Pierre de Coubertin \u00e0 Meaux. Il passe ensuite un BEP de m\u00e9canique automobile \u00e0 Besan\u00e7on.<br \/>\n D\u00e9j\u00e0 passionn\u00e9 de moto, Michel allait, chaque WE, retrouver des amis en Suisse et revenait ensuite \u00e0 Besan\u00e7on.<br \/>\n En 1983 Michel \u00e9pouse Myriam et tous 2 auront la joie d&rsquo;accueillir 3 enfants dans leur foyer :<br \/>\n Elodie, Sarah et Quentin.<br \/>\n Michel est alors apprenti, puis employ\u00e9 dans plusieurs garages et, en 1986, il est embauch\u00e9 en qualit\u00e9 de r\u00e9ceptionniste \u00e0 la concession de Gif-sur-Yvette.<br \/>\n En 1991, Charles Morel mettant fin \u00e0 la branche \u00ab r\u00e9paration automobile \u00bb de ses activit\u00e9s, lui c\u00e8de sa client\u00e8le. Gr\u00e2ce \u00e0 la famille Hauleux qui lui c\u00e8de un terrain et avec l&rsquo;appui de Mr Andr\u00e9 Vall\u00e9e, alors maire de Voulangis, et de son conseil municipal, Michel ouvre avec son p\u00e8re le \u00ab garage de Voulangis \u00bb.<br \/>\n Cinq ans plus tard, son \u00e9pouse Myriam est embauch\u00e9e afin d&rsquo;assurer le secr\u00e9tariat et la comptabilit\u00e9, ce qui lib\u00e9rait Michel pour son activit\u00e9 m\u00e9canique. Puis Citro\u00ebn lui fit faire des stages de qualification dont il sortit, chaque fois, dans les premiers.<br \/>\n Au fil des ann\u00e9es le \u00ab garage de Voulangis \u00bb est devenu une v\u00e9ritable entreprise familiale puisque, en 2006, Michel embauche et forme son gendre Mathieu comme m\u00e9canicien, puis, en 2013, il embauche et forme son 2e gendre, Vincent, comme carrossier.<br \/>\nMichel fut toujours un passionn\u00e9 de m\u00e9canique, puis, par la suite, d&rsquo;informatique embarqu\u00e9 sur les voitures.<br \/>\nDepuis une quinzaine d&rsquo;ann\u00e9e, il pratiquait le vol \u00e0 voile \u00e0 Coulommiers et effectuait des stages dans les Alpes et \u00e0 Barcelonnette en particulier.<br \/>\nDepuis quelques temps Michel pratiquait aussi la plong\u00e9e sous-marine.<br \/>\n Entre temps la famille s&rsquo;est agrandie et Michel et Myriam ont eu la joie d&rsquo;avoir 2 petits-enfants : Ilan et Noah.<\/p>\n<p> Pendant cette c\u00e9l\u00e9bration de l&rsquo;A Dieu, nous \u00e9couterons la Parole de Dieu dans les textes que vous avez choisis. Qu&rsquo;ils vous apportent la s\u00e9r\u00e9nit\u00e9, la paix et l&rsquo;esp\u00e9rance. Michel, pr\u00e8s de Dieu, restera proche de vous, nous en sommes certains. Avec confiance, demandons \u00e0 Dieu, par son Fils J\u00e9sus-Christ ressuscit\u00e9, de lui accorder de vivre pour toujours pr\u00e8s de Lui.\n<\/p><\/div>\n","protected":false},"excerpt":{"rendered":"<p>Nous avons la douleur de vous apprendre le d\u00e9c\u00e8s de M Michel DEDIEU. M Dedieu a succomb\u00e9 aux suites d&rsquo;un accident de la route intevenu il y a quelques semaines. Garagiste \u00e0\u00a0 Voulangis, il&#46;&#46;&#46;<\/p>\n","protected":false},"author":2,"featured_media":0,"comment_status":"open","ping_status":"open","sticky":false,"template":"","format":"standard","meta":{"footnotes":""},"categories":[],"tags":[],"class_list":["post-680","post","type-post","status-publish","format-standard","hentry"],"_links":{"self":[{"href":"http:\/\/www.chapelle-crecy.com\/index.php?rest_route=\/wp\/v2\/posts\/680","targetHints":{"allow":["GET"]}}],"collection":[{"href":"http:\/\/www.chapelle-crecy.com\/index.php?rest_route=\/wp\/v2\/posts"}],"about":[{"href":"http:\/\/www.chapelle-crecy.com\/index.php?rest_route=\/wp\/v2\/types\/post"}],"author":[{"embeddable":true,"href":"http:\/\/www.chapelle-crecy.com\/index.php?rest_route=\/wp\/v2\/users\/2"}],"replies":[{"embeddable":true,"href":"http:\/\/www.chapelle-crecy.com\/index.php?rest_route=%2Fwp%2Fv2%2Fcomments&post=680"}],"version-history":[{"count":0,"href":"http:\/\/www.chapelle-crecy.com\/index.php?rest_route=\/wp\/v2\/posts\/680\/revisions"}],"wp:attachment":[{"href":"http:\/\/www.chapelle-crecy.com\/index.php?rest_route=%2Fwp%2Fv2%2Fmedia&parent=680"}],"wp:term":[{"taxonomy":"category","embeddable":true,"href":"http:\/\/www.chapelle-crecy.com\/index.php?rest_route=%2Fwp%2Fv2%2Fcategories&post=680"},{"taxonomy":"post_tag","embeddable":true,"href":"http:\/\/www.chapelle-crecy.com\/index.php?rest_route=%2Fwp%2Fv2%2Ftags&post=680"}],"curies":[{"name":"wp","href":"https:\/\/api.w.org\/{rel}","templated":true}]}}