{"id":682,"date":"2014-01-15T12:31:23","date_gmt":"2014-01-15T12:31:23","guid":{"rendered":""},"modified":"-0001-11-30T00:00:00","modified_gmt":"-0001-11-29T22:00:00","slug":"","status":"publish","type":"post","link":"http:\/\/www.chapelle-crecy.com\/?p=682","title":{"rendered":"St R\u00e9mi Saint patron de Villiers-sur-Morin"},"content":{"rendered":"<div align=\"justify\">Le 15 janvier, nous f\u00eatons les R\u00e9mi. Saint R\u00e9mi, fut archev\u00eaque de Reims, ap tre des Francs (438 -533). L&rsquo;\u00e9glise de Villiers-sur-Morin et sa paroisse est sous la protection de ce grand saint. Retra\u00e7ons ici sa vie:<br \/>\n    La naissance de saint R\u00e9mi fut pr\u00e9dite \u00e0\u00a0 ses parents d\u00e9j\u00e0\u00a0 avanc\u00e9s en  ge<br \/>\n      par un vieux moine aveugle. Les talents et les vertus de R\u00e9mi le firent<br \/>\n      consacrer archev\u00eaque de Reims, \u00e0\u00a0 l&rsquo; ge de vingt-deux ans; sa cons\u00e9cration<br \/>\n      fut marqu\u00e9e par un prodige: le front de R\u00e9mi parut brillant de lumi\u00e8re et<br \/>\n      fut embaum\u00e9 d&rsquo;un parfum tout c\u00e9leste&#8230;\n<\/div>\n<div align=\"justify\">\n<p>    Il montra d\u00e8s l&rsquo;abord toutes les vertus des grands pontifes. Les miracles<br \/>\n      relev\u00e8rent encore l&rsquo;\u00e9clat de sa saintet\u00e9: pendant ses repas, les oiseaux<br \/>\n      venaient prendre du pain dans ses mains; il gu\u00e9rit un aveugle poss\u00e9d\u00e9 du<br \/>\n      d\u00e9mon; il remplit de vin, par le signe de la Croix, un vase presque vide;<br \/>\n      il \u00e9teignit, par sa seule pr\u00e9sence, un terrible incendie; il d\u00e9livra du<br \/>\n      d\u00e9mon une jeune fille que saint Beno \u00eet n&rsquo;avait pu d\u00e9livrer. <\/p>\n<p>    L&rsquo;histoire de sainte Clotilde nous a appris comment Clovis se tourna vers<br \/>\n      le Dieu des chr\u00e9tiens, \u00e0 la bataille de Tolbiac, et remporta la victoire.<br \/>\n      Ce fut saint R\u00e9mi qui acheva d&rsquo;instruire le prince. Comme il lui<br \/>\n      racontait, d&rsquo;une mani\u00e8re touchante, la Passion du Sauveur: \u00ab\u00a0Ah! s&rsquo;\u00e9cria le guerrier, que n&rsquo;\u00e9tais-je l\u00e0 avec mes Francs pour Le d\u00e9livrer!\u00a0\u00bb La nuit<br \/>\n      avant le bapt\u00eame, saint R\u00e9mi alla chercher le roi, la reine et leur suite<br \/>\n      dans le palais, et les conduisit \u00e0 l&rsquo;\u00e9glise, o\u00f9 il leur fit un \u00e9loquent<br \/>\n      discours sur la vanit\u00e9 des faux dieux et les grands myst\u00e8res de la<br \/>\n      religion chr\u00e9tienne. Alors l&rsquo;\u00e9glise se remplit d&rsquo;une lumi\u00e8re et d&rsquo;une<br \/>\n      odeur c\u00e9lestes, et l&rsquo;on entendit une voix qui disait: \u00ab\u00a0La paix soit avec<br \/>\n      vous!\u00a0\u00bb<\/p>\n<p>    Le Saint pr\u00e9dit \u00e0 Clovis et \u00e0 Clotilde les grandeurs futures des rois de<br \/>\n      France, s&rsquo;ils restaient fid\u00e8les \u00e0 Dieu et \u00e0 l&rsquo;Eglise. Quand fut venu le<br \/>\n      moment du bapt\u00eame, il dit au roi: \u00ab\u00a0Courbe la t\u00eate, fier Sicambre; adore ce que tu as br\u00fbl\u00e9, et br\u00fble ce que tu as ador\u00e9.\u00a0\u00bb Au moment de faire<br \/>\n      l&rsquo;onction du Saint Chr\u00eame, le pontife, s&rsquo;apercevant que l&rsquo;huile manquait,<br \/>\n      leva les yeux au Ciel et pria Dieu d&rsquo;y pourvoir. Tout \u00e0 coup, on aper\u00e7ut<br \/>\n      une blanche colombe descendre d&rsquo;en haut, portant une fiole pleine d&rsquo;un<br \/>\n      baume miraculeux; le saint pr\u00e9lat la prit, et fit l&rsquo;onction sur le front<br \/>\n      du prince. Cette fiole, appel\u00e9e dans l&rsquo;histoire la sainte Ampoule, exista<br \/>\n      jusqu&rsquo;en 1793, \u00e9poque o\u00f9 elle fut bris\u00e9e par les r\u00e9volutionnaires. Outre<br \/>\n      l&rsquo;onction du bapt\u00eame, saint R\u00e9mi avait conf\u00e9r\u00e9 au roi Clovis l&rsquo;onction<br \/>\n      royale. Deux soeurs du roi, trois mille seigneurs, une foule de soldats,<br \/>\n      de femmes et d&rsquo;enfants furent baptis\u00e9s le m\u00eame jour. <\/p>\n<p>    Saint R\u00e9mi devint aveugle dans sa vieillesse. Ayant recouvr\u00e9 la vue par<br \/>\n      miracle, il c\u00e9l\u00e9bra une derni\u00e8re fois le Saint Sacrifice et s&rsquo;\u00e9teignit,<br \/>\n      \u00e2g\u00e9 de quatre-vingt-seize ans.<\/p>\n<p>     Abb\u00e9 L. Jaud, Vie des Saints pour tous les jours de l&rsquo;ann\u00e9e, Tours, Mame,<br \/>\n      1950.\n<\/p><\/div>\n","protected":false},"excerpt":{"rendered":"<p>Le 15 janvier, nous f\u00eatons les R\u00e9mi. Saint R\u00e9mi, fut archev\u00eaque de Reims, ap tre des Francs (438 -533). L&rsquo;\u00e9glise de Villiers-sur-Morin et sa paroisse est sous la protection de ce grand saint. Retra\u00e7ons&#46;&#46;&#46;<\/p>\n","protected":false},"author":2,"featured_media":0,"comment_status":"open","ping_status":"open","sticky":false,"template":"","format":"standard","meta":{"footnotes":""},"categories":[],"tags":[],"class_list":["post-682","post","type-post","status-publish","format-standard","hentry"],"_links":{"self":[{"href":"http:\/\/www.chapelle-crecy.com\/index.php?rest_route=\/wp\/v2\/posts\/682","targetHints":{"allow":["GET"]}}],"collection":[{"href":"http:\/\/www.chapelle-crecy.com\/index.php?rest_route=\/wp\/v2\/posts"}],"about":[{"href":"http:\/\/www.chapelle-crecy.com\/index.php?rest_route=\/wp\/v2\/types\/post"}],"author":[{"embeddable":true,"href":"http:\/\/www.chapelle-crecy.com\/index.php?rest_route=\/wp\/v2\/users\/2"}],"replies":[{"embeddable":true,"href":"http:\/\/www.chapelle-crecy.com\/index.php?rest_route=%2Fwp%2Fv2%2Fcomments&post=682"}],"version-history":[{"count":0,"href":"http:\/\/www.chapelle-crecy.com\/index.php?rest_route=\/wp\/v2\/posts\/682\/revisions"}],"wp:attachment":[{"href":"http:\/\/www.chapelle-crecy.com\/index.php?rest_route=%2Fwp%2Fv2%2Fmedia&parent=682"}],"wp:term":[{"taxonomy":"category","embeddable":true,"href":"http:\/\/www.chapelle-crecy.com\/index.php?rest_route=%2Fwp%2Fv2%2Fcategories&post=682"},{"taxonomy":"post_tag","embeddable":true,"href":"http:\/\/www.chapelle-crecy.com\/index.php?rest_route=%2Fwp%2Fv2%2Ftags&post=682"}],"curies":[{"name":"wp","href":"https:\/\/api.w.org\/{rel}","templated":true}]}}