{"id":684,"date":"2014-01-18T12:18:30","date_gmt":"2014-01-18T12:18:30","guid":{"rendered":""},"modified":"-0001-11-30T00:00:00","modified_gmt":"-0001-11-29T22:00:00","slug":"","status":"publish","type":"post","link":"http:\/\/www.chapelle-crecy.com\/?p=684","title":{"rendered":"100 \u00e8me journ\u00e9e mondiale du migrant et du r\u00e9fugi\u00e9"},"content":{"rendered":"<div align=\"justify\">A l&rsquo;\u00e9glise St Damien \u00e0\u00a0 Meaux-Beauval aura lieu ce dimanche 19 janvier 2014, une messe \u00e0\u00a0 11h organis\u00e9e par la pastorale du Migrant. Elle sera suivie d&rsquo;un repas partag\u00e9. Dans l&rsquo;apr\u00e8s-midi, \u00e0\u00a0 14h15, un DVD sera visionn\u00e9 et un d\u00e9bat s&rsquo;en suivra. Pour plus d&rsquo;information, veuillez contacter 01 43 72 47 21 ou \u00e9crivez \u00e0\u00a0 migrants@cef.fr. La Pastorale des migrants vous invite \u00e9galement \u00e0\u00a0 vous connecter sur son site [http:\/\/migrations.catholique.fr->http:\/\/migrations.catholique.fr]. Nous vous proposons d&rsquo;\u00e9couter notre \u00e9v\u00eaque [Mgr Nahmias ->http:\/\/radionotredame.net\/player\/http:\/\/radionotredame.net\/wp-content\/uploads\/podcasts\/parole-d-eveque\/parole-d-eveque-16-01-2014.mp3] sur Radio Notre Dame expliquer l&rsquo;enjeu en Seine-et-Marne de cette journ\u00e9e des migrants.<\/div>\n","protected":false},"excerpt":{"rendered":"<p>A l&rsquo;\u00e9glise St Damien \u00e0\u00a0 Meaux-Beauval aura lieu ce dimanche 19 janvier 2014, une messe \u00e0\u00a0 11h organis\u00e9e par la pastorale du Migrant. Elle sera suivie d&rsquo;un repas partag\u00e9. Dans l&rsquo;apr\u00e8s-midi, \u00e0\u00a0 14h15, un&#46;&#46;&#46;<\/p>\n","protected":false},"author":2,"featured_media":0,"comment_status":"open","ping_status":"open","sticky":false,"template":"","format":"standard","meta":{"footnotes":""},"categories":[],"tags":[],"class_list":["post-684","post","type-post","status-publish","format-standard","hentry"],"_links":{"self":[{"href":"http:\/\/www.chapelle-crecy.com\/index.php?rest_route=\/wp\/v2\/posts\/684","targetHints":{"allow":["GET"]}}],"collection":[{"href":"http:\/\/www.chapelle-crecy.com\/index.php?rest_route=\/wp\/v2\/posts"}],"about":[{"href":"http:\/\/www.chapelle-crecy.com\/index.php?rest_route=\/wp\/v2\/types\/post"}],"author":[{"embeddable":true,"href":"http:\/\/www.chapelle-crecy.com\/index.php?rest_route=\/wp\/v2\/users\/2"}],"replies":[{"embeddable":true,"href":"http:\/\/www.chapelle-crecy.com\/index.php?rest_route=%2Fwp%2Fv2%2Fcomments&post=684"}],"version-history":[{"count":0,"href":"http:\/\/www.chapelle-crecy.com\/index.php?rest_route=\/wp\/v2\/posts\/684\/revisions"}],"wp:attachment":[{"href":"http:\/\/www.chapelle-crecy.com\/index.php?rest_route=%2Fwp%2Fv2%2Fmedia&parent=684"}],"wp:term":[{"taxonomy":"category","embeddable":true,"href":"http:\/\/www.chapelle-crecy.com\/index.php?rest_route=%2Fwp%2Fv2%2Fcategories&post=684"},{"taxonomy":"post_tag","embeddable":true,"href":"http:\/\/www.chapelle-crecy.com\/index.php?rest_route=%2Fwp%2Fv2%2Ftags&post=684"}],"curies":[{"name":"wp","href":"https:\/\/api.w.org\/{rel}","templated":true}]}}