{"id":687,"date":"2014-02-12T08:40:53","date_gmt":"2014-02-12T08:40:53","guid":{"rendered":""},"modified":"-0001-11-30T00:00:00","modified_gmt":"-0001-11-29T22:00:00","slug":"","status":"publish","type":"post","link":"http:\/\/www.chapelle-crecy.com\/?p=687","title":{"rendered":"D\u00e9couvrir la Venise de la Brie \u00e0\u00a0 travers le prisme de Rando-clocher"},"content":{"rendered":"<div align=\"justify\">Savez-vous que Cr\u00e9cy-la-Chapelle porte le doux surnom de Venise de la Brie? Pour vous aider \u00e0\u00a0 comprendre d&rsquo;o\u00f9 vient cette d\u00e9nomination, la Pastorale de Tourisme et des loisirs du dioc\u00e8se de Meaux vous propose le mercredi 12 f\u00e9vrier de 14h \u00e0\u00a0 environ 17h, une rando clocher autour de Cr\u00e9cy. En marchant dans la campagne environnante (d\u00e9part pr\u00e9vu devant l&rsquo;\u00e9glise de Voulangis \u00e0\u00a0 13h45)  puis dans le bourg de Cr\u00e9cy, vous d\u00e9couvrirez les richesses de notre beau patrimoine naturel marqu\u00e9 par l&rsquo;omnipr\u00e9sence et le calme du Grand Morin, ainsi que notre patrimoine religieux avec la visite de l&rsquo;\u00e9glise paroissiale St Georges et Saint Louis.<br \/>\nPour plus d&rsquo;informations, n&rsquo;h\u00e9sitez pas \u00e0\u00a0 contacter:<br \/>\nB\u00e9atrice: 06 86 80 30 89<br \/>\nDominique: 06 72 00 57 81<br \/>\nFran\u00e7oise: 06 14 86 65 47<\/div>\n<p>Eglise Saint Georges<\/p>\n<p> Une premi\u00e8re \u00e9glise, de fondation royale, d\u00e9di\u00e9e \u00e0 saint Georges, existait au XII\u00e8me si\u00e8cle sur la rive droite du Grand Morin.<\/p>\n<p> Tomb\u00e9e en ruines, elle fut remplac\u00e9e en 1212 par la chapelle du seineur de Cr\u00e9cy, Gaucher III de Ch\u00e2tillon. Seule la tour subsiste, qui est le clocher de l&rsquo;\u00e9glise saint Georges et saint Louis, b\u00e2tie entre 1779 et 1781, \u00e0 ses frais, par le duc de Penthi\u00e8vre, dernier comte de Cr\u00e9cy, et dernier petit-fils l\u00e9gitime de Louis XIV et de madame de Montespan.<\/p>\n<p> Ce seigneur, pieux et charitable, redonna \u00e0 Cr\u00e9cy sa splendeur. Il vint lui-m\u00eame poser la premi\u00e8re pierre le 18 octobre 1779. L&rsquo;\u00e9glise fut d\u00e9dicac\u00e9e par l&rsquo;\u00e9v\u00eaque de Meaux, le 2 octobre 1781.<\/p>\n<p> L&rsquo;\u00e9glise paroissiale saint Georges est un b\u00e2timent assez vaste et simple, \u00e0 trois nefs, aux piliers massifs et lourds, avec son clocher du XIII si\u00e8cle, couronn\u00e9 d&rsquo;une balustrade du XVII\u00e8me si\u00e8cle.<\/p>\n<p> Cr\u00e9cy resta \u00e0 l&rsquo;abri des sanglants mouvements r\u00e9volutionnaires, mais garde la trace directe de la R\u00e9volution fran\u00e7aise sur la fa\u00e7ade de l&rsquo;\u00e9glise :<\/p>\n<p> \u00ab Temple de la Raison et de l&rsquo;Etre Supr\u00eame \u00bb (1794)<\/p>\n<p>&#8211; en 1852, un autel de la sainte Verge est construit. Un chemin de ronde est \u00e9difi\u00e9 autour de l&rsquo;\u00e9glise pour faciliter les travaux nombreux et r\u00e9guliers.<br \/>\n&#8211; en 1860, une girouette en forme de coq est install\u00e9e sur la tour.<br \/>\n&#8211; en 1864, des vitraux sont install\u00e9s \u00e0 demi-mur.<br \/>\n&#8211; en 1865, sont pos\u00e9es les trois fen\u00eatres du choeur et la rosace au-dessus de la grand&rsquo; porte. Une seconde cloche est install\u00e9e.<br \/>\n&#8211; en 1884, une horloge sonnant les heures et les quarts est plac\u00e9e sur la tour.<br \/>\n&#8211; en 1894, est construit le presbyt\u00e8re.<\/p>\n<p> Des vitraux sont endommag\u00e9s en 1940 par l&rsquo;explosion ayant d\u00e9truit le pont Dam&rsquo;Gilles ; ils ont \u00e9t\u00e9 remplac\u00e9s par des vitraux blancs.<\/p>\n<p> Les vitraux du choeur ont \u00e9t\u00e9 r\u00e9alis\u00e9s en d\u00e9cembre 1964 par Antoine PERITORE, bras droit d&rsquo;Henti MARTIN-GRANIER, ma \u00eetre-verrier, dont l&rsquo;atelier se trouvait rue du Barrois.<\/p>\n","protected":false},"excerpt":{"rendered":"<p>Savez-vous que Cr\u00e9cy-la-Chapelle porte le doux surnom de Venise de la Brie? Pour vous aider \u00e0\u00a0 comprendre d&rsquo;o\u00f9 vient cette d\u00e9nomination, la Pastorale de Tourisme et des loisirs du dioc\u00e8se de Meaux vous propose&#46;&#46;&#46;<\/p>\n","protected":false},"author":2,"featured_media":0,"comment_status":"open","ping_status":"open","sticky":false,"template":"","format":"standard","meta":{"footnotes":""},"categories":[],"tags":[],"class_list":["post-687","post","type-post","status-publish","format-standard","hentry"],"_links":{"self":[{"href":"http:\/\/www.chapelle-crecy.com\/index.php?rest_route=\/wp\/v2\/posts\/687","targetHints":{"allow":["GET"]}}],"collection":[{"href":"http:\/\/www.chapelle-crecy.com\/index.php?rest_route=\/wp\/v2\/posts"}],"about":[{"href":"http:\/\/www.chapelle-crecy.com\/index.php?rest_route=\/wp\/v2\/types\/post"}],"author":[{"embeddable":true,"href":"http:\/\/www.chapelle-crecy.com\/index.php?rest_route=\/wp\/v2\/users\/2"}],"replies":[{"embeddable":true,"href":"http:\/\/www.chapelle-crecy.com\/index.php?rest_route=%2Fwp%2Fv2%2Fcomments&post=687"}],"version-history":[{"count":0,"href":"http:\/\/www.chapelle-crecy.com\/index.php?rest_route=\/wp\/v2\/posts\/687\/revisions"}],"wp:attachment":[{"href":"http:\/\/www.chapelle-crecy.com\/index.php?rest_route=%2Fwp%2Fv2%2Fmedia&parent=687"}],"wp:term":[{"taxonomy":"category","embeddable":true,"href":"http:\/\/www.chapelle-crecy.com\/index.php?rest_route=%2Fwp%2Fv2%2Fcategories&post=687"},{"taxonomy":"post_tag","embeddable":true,"href":"http:\/\/www.chapelle-crecy.com\/index.php?rest_route=%2Fwp%2Fv2%2Ftags&post=687"}],"curies":[{"name":"wp","href":"https:\/\/api.w.org\/{rel}","templated":true}]}}