{"id":688,"date":"2014-01-23T14:51:40","date_gmt":"2014-01-23T14:51:40","guid":{"rendered":""},"modified":"-0001-11-30T00:00:00","modified_gmt":"-0001-11-29T22:00:00","slug":"","status":"publish","type":"post","link":"http:\/\/www.chapelle-crecy.com\/?p=688","title":{"rendered":"Jour de pri\u00e8re pour Fran\u00e7ois Hollande et le Pape Fran\u00e7ois"},"content":{"rendered":"<div align=\"center\"><img decoding=\"async\" src=\"\/IMG\/jpg\/priereFF.jpg\n\" width=500><\/div>\n<div align=\"justify\">\nNous vous proposons le vendredi 24 janvier 2014, journ\u00e9e de rencontre entre Fran\u00e7ois Hollande et le Pape Fran\u00e7ois au Vatican, un Jour de Pri\u00e8re.<br \/>\n<span style=\"color:blue;\"><br \/>\n\u00ab Grande est la force d&rsquo;une arm\u00e9e qui tient en main non l&rsquo;\u00e9p\u00e9e mais le Rosaire \u00bb.<br \/>\nPie IX<\/span><br \/>\n<span style=\"color:orange;\"><br \/>\nM\u00e9ditez avec nous les myst\u00e8res du Rosaire, pour demander par l&rsquo;intercession de Saint Fran\u00e7ois de Sales, du Bienheureux Fr\u00e9d\u00e9ric Ozanam et de Pauline Jaricot que les mots de Notre Saint P\u00e8re touchent le coeur et l&rsquo;intelligence de notre Pr\u00e9sident. Que ce soit pour un Ave, une dizaine ou un Rosaire, agissons, prions !<\/span><\/p>\n<p>Vous trouverez toutes les explications de cette initiative que nous relayons ici, en cliquant sur le lien suivant:<br \/>\n[http:\/\/lesalternativescatholiques.fr\/2013\/01\/24\/jour-de-priere\/->http:\/\/lesalternativescatholiques.fr\/2013\/01\/24\/jour-de-priere\/]\n<\/p><\/div>\n<div align=\"justify\">\n Explication pratique pour prier le Rosaire <\/p>\n<p> Vous commencez par dire le Symbole des Ap\u00f4tres, ensuite un Notre P\u00e8re, trois Je Vous Salue Marie et enfin un Gloire au P\u00e8re: ceci est l&rsquo;introduction du Chapelet et du Rosaire.<\/p>\n<p> Ensuite, vous dites les dizaines, qui correspondent en fait \u00e0 :<br \/>\n un \u00ab\u00a0Notre P\u00e8re\u00a0\u00bb(NP),<br \/>\n dix \u00ab\u00a0Je Vous Salue Marie\u00a0\u00bb (JVM) et<br \/>\n un \u00ab\u00a0Gloire au P\u00e8re\u00a0\u00bb(GP). <\/p>\n<div align=\"center\"><img decoding=\"async\" src=\"\/IMG\/jpg\/chapelet.jpg\n\" width=500><\/div>\n<p> Symbole des ap\u00f4tres<br \/>\n Je crois en Dieu le P\u00e8re Tout Puissant, Cr\u00e9ateur du Ciel et de la Terre et<br \/>\nen J\u00e9sus Christ son Fils unique notre Seigneur qui a \u00e9t\u00e9 con\u00e7u du Saint<br \/>\nEsprit et n\u00e9 de la Vierge Marie; a souffert sous Ponce Pilate, a \u00e9t\u00e9<br \/>\ncrucifi\u00e9 et mort, a \u00e9t\u00e9 enseveli, et descendu aux enfers; le troisi\u00e8me jour<br \/>\nest ressuscit\u00e9 des morts, est mont\u00e9 aux cieux, est assis \u00e0 la droite de<br \/>\nDieu le P\u00e8re tout Puissant, d&rsquo;o\u00f9 il viendra juger les vivants et les morts.<br \/>\nJe crois au Saint Esprit, \u00e0 la Sainte Eglise Catholique, \u00e0 la communion<br \/>\ndes Saints, \u00e0 la r\u00e9mission des p\u00e9ch\u00e9s, \u00e0 la r\u00e9surrection de la chair, \u00e0 la<br \/>\nvie \u00e9ternelle. Amen!<\/p>\n<p> Notre P\u00e8re<br \/>\n Notre P\u00e8re qui es aux Cieux, que votre nom soit sanctifi\u00e9, que votre<br \/>\nr\u00e8gne arrive, que votre volont\u00e9 soit faite sur la terre comme au ciel.<br \/>\nDonnez-nous aujourd&rsquo;hui notre pain de ce jour, pardonnez-nous nos<br \/>\noffenses comme nous pardonnons \u00e0 ceux qui nous ont offens\u00e9s et ne<br \/>\nnous laissez pas succomber \u00e0 la tentation mais d\u00e9livre-nous du mal car<br \/>\nc&rsquo;est \u00e0 toi qu&rsquo;appartiennent le r\u00e8gne, la puissance et la gloire pour des<br \/>\nsi\u00e8cles des si\u00e8cles, Amen!<\/p>\n<p> Je vous salue Marie<br \/>\n Je vous salue Marie pleine de gr\u00e2ce, le Seigneur est avec vous, vous<br \/>\n\u00eates b\u00e9nie entre toutes les femmes et J\u00e9sus, le fruit de vos entrailles est<br \/>\nb\u00e9ni. Sainte Marie M\u00e8re de Dieu, priez pour nous, pauvres p\u00e9cheurs,<br \/>\nmaintenant et \u00e0 l&rsquo;heure de notre mort.<\/p>\n<p> Gloire au P\u00e8re<br \/>\n Gloire soit au P\u00e8re, au Fils et au Saint Esprit, comme il \u00e9tait au<br \/>\ncommencement, maintenant et toujours et dans les si\u00e8cles des si\u00e8cles<br \/>\nAmen!\n<\/p><\/div>\n","protected":false},"excerpt":{"rendered":"<p>Nous vous proposons le vendredi 24 janvier 2014, journ\u00e9e de rencontre entre Fran\u00e7ois Hollande et le Pape Fran\u00e7ois au Vatican, un Jour de Pri\u00e8re. \u00ab Grande est la force d&rsquo;une arm\u00e9e qui tient en&#46;&#46;&#46;<\/p>\n","protected":false},"author":2,"featured_media":0,"comment_status":"open","ping_status":"open","sticky":false,"template":"","format":"standard","meta":{"footnotes":""},"categories":[],"tags":[],"class_list":["post-688","post","type-post","status-publish","format-standard","hentry"],"_links":{"self":[{"href":"http:\/\/www.chapelle-crecy.com\/index.php?rest_route=\/wp\/v2\/posts\/688","targetHints":{"allow":["GET"]}}],"collection":[{"href":"http:\/\/www.chapelle-crecy.com\/index.php?rest_route=\/wp\/v2\/posts"}],"about":[{"href":"http:\/\/www.chapelle-crecy.com\/index.php?rest_route=\/wp\/v2\/types\/post"}],"author":[{"embeddable":true,"href":"http:\/\/www.chapelle-crecy.com\/index.php?rest_route=\/wp\/v2\/users\/2"}],"replies":[{"embeddable":true,"href":"http:\/\/www.chapelle-crecy.com\/index.php?rest_route=%2Fwp%2Fv2%2Fcomments&post=688"}],"version-history":[{"count":0,"href":"http:\/\/www.chapelle-crecy.com\/index.php?rest_route=\/wp\/v2\/posts\/688\/revisions"}],"wp:attachment":[{"href":"http:\/\/www.chapelle-crecy.com\/index.php?rest_route=%2Fwp%2Fv2%2Fmedia&parent=688"}],"wp:term":[{"taxonomy":"category","embeddable":true,"href":"http:\/\/www.chapelle-crecy.com\/index.php?rest_route=%2Fwp%2Fv2%2Fcategories&post=688"},{"taxonomy":"post_tag","embeddable":true,"href":"http:\/\/www.chapelle-crecy.com\/index.php?rest_route=%2Fwp%2Fv2%2Ftags&post=688"}],"curies":[{"name":"wp","href":"https:\/\/api.w.org\/{rel}","templated":true}]}}