{"id":690,"date":"2014-01-29T11:57:30","date_gmt":"2014-01-29T11:57:30","guid":{"rendered":""},"modified":"-0001-11-30T00:00:00","modified_gmt":"-0001-11-29T22:00:00","slug":"","status":"publish","type":"post","link":"http:\/\/www.chapelle-crecy.com\/?p=690","title":{"rendered":"2 FEVRIER JOURNEE DE LA VIE CONSACREE"},"content":{"rendered":"<div align=\"justify\">\nIls vivent de la difficile fraternit\u00e9 sans se choisir, cela n&rsquo;est pas si simple.<br \/>\nIls trouvent leur richesse en choisissant la pauvret\u00e9.<br \/>\nIls aiment \u00e0\u00a0 tout coeur en choisissant le c\u00e9libat.<br \/>\nIls deviennent libres en choisissant d&rsquo;ob\u00e9ir au Christ.<br \/>\nIls nous provoquent, sans le dire, sur notre mani\u00e8re tr\u00e8s mondaine et fragile de concevoir ce que nous appelons \u00a0\u00bbla r\u00e9ussite\u00a0\u00bb.<br \/>\nIls nous aident, sans le savoir, \u00e0\u00a0 vivre nos autres choix de vie, quels qu&rsquo;ils soient, en pleine vie la\u00efque on dans les diff\u00e9rents minist\u00e8res que nous confie l&rsquo;Eglise.<br \/>\nIls sont des sortes de \u00a0\u00bbboussoles\u00a0\u00bb dans un monde d\u00e9boussol\u00e9&#8230;\n<\/div>\n<div align=\"justify\">\n Qu&rsquo;on les regarde aujourd&rsquo;hui, m\u00eame s&rsquo;ils ne sont plus tr\u00e8s jeunes dans leur majorit\u00e9, qu&rsquo;ils soient des moines ou des moniales, ou fr\u00e8res et soeurs en mission apostolique, ils sont sans nom, sans gloire.<br \/>\n Religieux et religieuses de tous les jours. Serviteurs discrets de l&rsquo;ordinaire, toujours le m\u00eame, sans grandeur autre que celle d&rsquo;un bonheur \u00e0 partager avec un coeur qui recommence chaque matin son esp\u00e9rance.<br \/>\n Ils ne savent pas la plus petite pluie quotidienne de miracles ordinaires dont ils sont, gr\u00e2ce au Christ, la source. Ils tissent, sans aucun bruit, de l&rsquo;amour simple \u00e0 journ\u00e9e pleine.<br \/>\n Avec leurs limites bien s\u00fbr. Mais finalement si peu.<br \/>\n Avec leur foi ils rendent un immense service gratuitement, discr\u00e8tement, jour apr\u00e8s jour et aupr\u00e8s de tous, croyants ou incroyants.<\/p>\n<p> Parole de Mgr Fran\u00e7ois Garnier \u00e9v\u00eaque de Lu\u00e7on pr\u00e9sentant les religieux et religieuses au Pape Jean-Paul II \u00e0 Saint-Laurent-sur-S\u00e8vre, le 19 septembre 1996.\n<\/p><\/div>\n","protected":false},"excerpt":{"rendered":"<p>Ils vivent de la difficile fraternit\u00e9 sans se choisir, cela n&rsquo;est pas si simple. Ils trouvent leur richesse en choisissant la pauvret\u00e9. Ils aiment \u00e0\u00a0 tout coeur en choisissant le c\u00e9libat. Ils deviennent libres&#46;&#46;&#46;<\/p>\n","protected":false},"author":2,"featured_media":0,"comment_status":"open","ping_status":"open","sticky":false,"template":"","format":"standard","meta":{"footnotes":""},"categories":[],"tags":[],"class_list":["post-690","post","type-post","status-publish","format-standard","hentry"],"_links":{"self":[{"href":"http:\/\/www.chapelle-crecy.com\/index.php?rest_route=\/wp\/v2\/posts\/690","targetHints":{"allow":["GET"]}}],"collection":[{"href":"http:\/\/www.chapelle-crecy.com\/index.php?rest_route=\/wp\/v2\/posts"}],"about":[{"href":"http:\/\/www.chapelle-crecy.com\/index.php?rest_route=\/wp\/v2\/types\/post"}],"author":[{"embeddable":true,"href":"http:\/\/www.chapelle-crecy.com\/index.php?rest_route=\/wp\/v2\/users\/2"}],"replies":[{"embeddable":true,"href":"http:\/\/www.chapelle-crecy.com\/index.php?rest_route=%2Fwp%2Fv2%2Fcomments&post=690"}],"version-history":[{"count":0,"href":"http:\/\/www.chapelle-crecy.com\/index.php?rest_route=\/wp\/v2\/posts\/690\/revisions"}],"wp:attachment":[{"href":"http:\/\/www.chapelle-crecy.com\/index.php?rest_route=%2Fwp%2Fv2%2Fmedia&parent=690"}],"wp:term":[{"taxonomy":"category","embeddable":true,"href":"http:\/\/www.chapelle-crecy.com\/index.php?rest_route=%2Fwp%2Fv2%2Fcategories&post=690"},{"taxonomy":"post_tag","embeddable":true,"href":"http:\/\/www.chapelle-crecy.com\/index.php?rest_route=%2Fwp%2Fv2%2Ftags&post=690"}],"curies":[{"name":"wp","href":"https:\/\/api.w.org\/{rel}","templated":true}]}}