{"id":691,"date":"2014-01-31T00:06:13","date_gmt":"2014-01-31T00:06:13","guid":{"rendered":""},"modified":"-0001-11-30T00:00:00","modified_gmt":"-0001-11-29T22:00:00","slug":"","status":"publish","type":"post","link":"http:\/\/www.chapelle-crecy.com\/?p=691","title":{"rendered":"Notre ami Jean Rosier une grande figure voulangeoise nous a quitt\u00e9s"},"content":{"rendered":"<div align=\"justify\">\u00ab\u00a0Jean \u00e9tait d&rsquo;un grand d\u00e9vouement, il aimait rendre service et soulager son prochain, il \u00e9tait fid\u00e8le dans ses engagements, \u00e0\u00a0 l&rsquo;hospitalit\u00e9 o\u00f9 il rest\u00e9 plus de 20 ans, il a toujours \u00e9t\u00e9 tr\u00e8s d\u00e9vou\u00e9 et g\u00e9n\u00e9reux, il \u00e9tait hospitalier de l&rsquo;Hospitalit\u00e9 de Lourdes et effectuait un stage tout les ans en plus du p\u00e9l\u00e9 qu&rsquo;il ne manquait jamais. Il s&rsquo;est occup\u00e9 aussi des handicap\u00e9s du foyer Foucault, qu&rsquo;il allait r\u00e9guli\u00e8rement visit\u00e9 \u00e0\u00a0 Meaux, il mettait en place aussi les qu\u00eates annuelles, pour financer le voyage des malades. Il s&rsquo;est aussi beaucoup investi dans nos paroisses, accueil, entretien de l&rsquo;\u00e9glise de Voulangis, aide au service de l&rsquo;autel etc. C&rsquo;\u00e9tait un homme de devoir, un grand croyant, un grand priant, fid\u00e8le \u00e0\u00a0 son Dieu et \u00e0\u00a0 l&rsquo;Eglise jusque qu&rsquo;au dernier jour de sa vie, sur son lit de souffrance il ne cessait de prier Dieu et la Vierge Marie qu&rsquo;il aimait tant.\u00a0\u00bb<br \/>\nMadeleine Morel<\/div>\n<div align=\"center\"><img decoding=\"async\" src=\"\/IMG\/jpg\/hospitalite.jpg\" width=501><\/div>\n<p> Voici quelques photos du dernier p\u00e8lerinage de Lourdes, rendez-vous annuel au service des malades pour lequel Jean a tant donn\u00e9:<\/p>\n<div align=\"center\"><img decoding=\"async\" src=\"\/IMG\/jpg\/sainteMarie.jpg\" width=501><\/div>\n<div align=\"center\"><img decoding=\"async\" src=\"\/IMG\/jpg\/fanion.jpg\" width=501><\/div>\n<div align=\"center\"><img decoding=\"async\" src=\"\/IMG\/jpg\/eau.jpg\" width=501><\/div>\n<div align=\"center\"><img decoding=\"async\" src=\"\/IMG\/jpg\/Martine.jpg\" width=501><\/div>\n<div align=\"center\"><img decoding=\"async\" src=\"\/IMG\/jpg\/Jacques-Claude.jpg\" width=501><\/div>\n<div align=\"center\"><img decoding=\"async\" src=\"\/IMG\/jpg\/antoine.jpg\" width=501><\/div>\n<div align=\"center\"><img decoding=\"async\" src=\"\/IMG\/jpg\/gobard.jpg\" width=501><\/div>\n<div align=\"center\"><img decoding=\"async\" src=\"\/IMG\/jpg\/chapelet-garaison.jpg\" width=501><\/div>\n<div align=\"center\"><img decoding=\"async\" src=\"\/IMG\/jpg\/famille-2.jpg\" width=501><\/div>\n<div align=\"center\"><img decoding=\"async\" src=\"\/IMG\/jpg\/Boulland.jpg\" width=501><\/div>\n<div align=\"center\"><img decoding=\"async\" src=\"\/IMG\/jpg\/calonne.jpg\" width=501><\/div>\n","protected":false},"excerpt":{"rendered":"<p>\u00ab\u00a0Jean \u00e9tait d&rsquo;un grand d\u00e9vouement, il aimait rendre service et soulager son prochain, il \u00e9tait fid\u00e8le dans ses engagements, \u00e0\u00a0 l&rsquo;hospitalit\u00e9 o\u00f9 il rest\u00e9 plus de 20 ans, il a toujours \u00e9t\u00e9 tr\u00e8s d\u00e9vou\u00e9&#46;&#46;&#46;<\/p>\n","protected":false},"author":2,"featured_media":0,"comment_status":"open","ping_status":"open","sticky":false,"template":"","format":"standard","meta":{"footnotes":""},"categories":[],"tags":[],"class_list":["post-691","post","type-post","status-publish","format-standard","hentry"],"_links":{"self":[{"href":"http:\/\/www.chapelle-crecy.com\/index.php?rest_route=\/wp\/v2\/posts\/691","targetHints":{"allow":["GET"]}}],"collection":[{"href":"http:\/\/www.chapelle-crecy.com\/index.php?rest_route=\/wp\/v2\/posts"}],"about":[{"href":"http:\/\/www.chapelle-crecy.com\/index.php?rest_route=\/wp\/v2\/types\/post"}],"author":[{"embeddable":true,"href":"http:\/\/www.chapelle-crecy.com\/index.php?rest_route=\/wp\/v2\/users\/2"}],"replies":[{"embeddable":true,"href":"http:\/\/www.chapelle-crecy.com\/index.php?rest_route=%2Fwp%2Fv2%2Fcomments&post=691"}],"version-history":[{"count":0,"href":"http:\/\/www.chapelle-crecy.com\/index.php?rest_route=\/wp\/v2\/posts\/691\/revisions"}],"wp:attachment":[{"href":"http:\/\/www.chapelle-crecy.com\/index.php?rest_route=%2Fwp%2Fv2%2Fmedia&parent=691"}],"wp:term":[{"taxonomy":"category","embeddable":true,"href":"http:\/\/www.chapelle-crecy.com\/index.php?rest_route=%2Fwp%2Fv2%2Fcategories&post=691"},{"taxonomy":"post_tag","embeddable":true,"href":"http:\/\/www.chapelle-crecy.com\/index.php?rest_route=%2Fwp%2Fv2%2Ftags&post=691"}],"curies":[{"name":"wp","href":"https:\/\/api.w.org\/{rel}","templated":true}]}}