{"id":693,"date":"2014-02-08T10:47:00","date_gmt":"2014-02-08T10:47:00","guid":{"rendered":""},"modified":"-0001-11-30T00:00:00","modified_gmt":"-0001-11-29T22:00:00","slug":"","status":"publish","type":"post","link":"http:\/\/www.chapelle-crecy.com\/?p=693","title":{"rendered":"Dimanche 9 f\u00e9vrier 2014 journ\u00e9e mondiale de pri\u00e8re pour le monde de la sant\u00e9"},"content":{"rendered":"<div align=\"justify\">Chaque ann\u00e9e, le 11 f\u00e9vrier, nous prions pour les malades que nous pr\u00e9sentons \u00e0\u00a0 la Vierge Marie, Notre Dame de Lourdes. Le dimanche le plus proche de ce jour (le 9 f\u00e9vrier cette ann\u00e9e) est consacr\u00e9 \u00e0\u00a0 la pri\u00e8re pour le monde de la sant\u00e9.<br \/>\nC&rsquo;est l&rsquo;occasion de nous poser la question du <span style=\"color:red\">SERVICE DU PLUS PAUVRE.<\/span><br \/>\nContact paroissial:<br \/>\nEvelyne Reydel: <span style=\"color:orange\">06-13-62-01-66<\/span><br \/>\nMarie Madeleine Travet: <span style=\"color:orange\">06-21-80-94-44<\/span><br \/>\nE-mail: <span style=\"color:blue\">secteurcrecy@free.fr<\/span>\n<\/div>\n<div align=\"justify\">\nLa pauvret\u00e9 d&rsquo;une personne handicap\u00e9e,  malade ou \u00e2g\u00e9e, ne saute pas forc\u00e9ment aux yeux comme le mendiant sur le trottoir. C&rsquo;est souvent une pauvret\u00e9 cach\u00e9e, une double peine subie lorsque personne vient soulager la solitude ou l&rsquo;aide mat\u00e9rielle dont chacun a besoin pour vivre quotidiennement.<\/p>\n<h6 style=\"background-color: #81DAF5;\">A Cr\u00e9cy-la-Chapelle et dans ses environs, nous avons tous des voisins(es), des personnes seules qui n&rsquo;ont pas la possibilit\u00e9 de venir le dimanche \u00e0 la messe.  Pourquoi ne pas r\u00e9pondre \u00e0 l&rsquo;appel du Christ serviteur et faire partie de l&rsquo;\u00e9quipe SEM : service \u00e9vang\u00e9lique des malades ?<\/h6>\n<p> Nous sommes quelques uns sur notre secteur \u00e0 faire des visites et \u00e0 porter la communion \u00e0 domicile, mais il nous faudrait \u00eatre plus nombreux. Chaque secteur de Cr\u00e9cy, de Villiers ou de Voulangis, chaque hameau a besoin de b\u00e9n\u00e9voles pour servir nos fr\u00e8res les plus fragiles.<br \/>\n Il est question de donner un peu de son temps, \u00e0 sa convenance mais de fa\u00e7on r\u00e9guli\u00e8re. Une formation en bin\u00f4me vous sera propos\u00e9e pour commencer. Tout le monde n&rsquo;est pas appel\u00e9 \u00e0 r\u00e9pondre \u00e0 cet appel mais ceux et celles qui se sentent interpell\u00e9s par ce message qui vient de l&rsquo;Evangile, qu&rsquo;ils n&rsquo;h\u00e9sitent pas \u00e0 contacter la paroisse (voir ci-dessus).<br \/>\n Le th\u00e8me de la journ\u00e9e mondiale de pri\u00e8re pour le monde de la sant\u00e9 du 9 f\u00e9vrier prochain parle d&rsquo; : \u00ab <span style=\"color:red\">Un chemin de confiance. \u00bb<\/p>\n<p style=\"color:green;\">LE SEIGNEUR DONNE TOUJOURS  LES GRACES NECESSAIRES POUR REPONDRE A SES APPELS. ALORS, CONFIANCE !<\/p>\n<\/div>\n","protected":false},"excerpt":{"rendered":"<p>Chaque ann\u00e9e, le 11 f\u00e9vrier, nous prions pour les malades que nous pr\u00e9sentons \u00e0\u00a0 la Vierge Marie, Notre Dame de Lourdes. Le dimanche le plus proche de ce jour (le 9 f\u00e9vrier cette ann\u00e9e)&#46;&#46;&#46;<\/p>\n","protected":false},"author":2,"featured_media":0,"comment_status":"open","ping_status":"open","sticky":false,"template":"","format":"standard","meta":{"footnotes":""},"categories":[],"tags":[],"class_list":["post-693","post","type-post","status-publish","format-standard","hentry"],"_links":{"self":[{"href":"http:\/\/www.chapelle-crecy.com\/index.php?rest_route=\/wp\/v2\/posts\/693","targetHints":{"allow":["GET"]}}],"collection":[{"href":"http:\/\/www.chapelle-crecy.com\/index.php?rest_route=\/wp\/v2\/posts"}],"about":[{"href":"http:\/\/www.chapelle-crecy.com\/index.php?rest_route=\/wp\/v2\/types\/post"}],"author":[{"embeddable":true,"href":"http:\/\/www.chapelle-crecy.com\/index.php?rest_route=\/wp\/v2\/users\/2"}],"replies":[{"embeddable":true,"href":"http:\/\/www.chapelle-crecy.com\/index.php?rest_route=%2Fwp%2Fv2%2Fcomments&post=693"}],"version-history":[{"count":0,"href":"http:\/\/www.chapelle-crecy.com\/index.php?rest_route=\/wp\/v2\/posts\/693\/revisions"}],"wp:attachment":[{"href":"http:\/\/www.chapelle-crecy.com\/index.php?rest_route=%2Fwp%2Fv2%2Fmedia&parent=693"}],"wp:term":[{"taxonomy":"category","embeddable":true,"href":"http:\/\/www.chapelle-crecy.com\/index.php?rest_route=%2Fwp%2Fv2%2Fcategories&post=693"},{"taxonomy":"post_tag","embeddable":true,"href":"http:\/\/www.chapelle-crecy.com\/index.php?rest_route=%2Fwp%2Fv2%2Ftags&post=693"}],"curies":[{"name":"wp","href":"https:\/\/api.w.org\/{rel}","templated":true}]}}