{"id":695,"date":"2014-02-06T18:19:59","date_gmt":"2014-02-06T18:19:59","guid":{"rendered":""},"modified":"-0001-11-30T00:00:00","modified_gmt":"-0001-11-29T22:00:00","slug":"","status":"publish","type":"post","link":"http:\/\/www.chapelle-crecy.com\/?p=695","title":{"rendered":"Glorious \u00e0\u00a0 Fontainebleau le 7 f\u00e9vrier \u00e0\u00a0 20h \u00e0\u00a0 l&rsquo;\u00e9glise St Louis"},"content":{"rendered":"<div align=\"justify\">Une soir\u00e9e alliant la louange, le t\u00e9moignage et l&rsquo;adoration, ce vendredi 7 f\u00e9vrier 2014 \u00e0\u00a0 20 h \u00e0\u00a0 l&rsquo;\u00e9glise<br \/>\nSaint-Louis : un vrai concert, dans l&rsquo;aspect technique du mat\u00e9riel d\u00e9ploy\u00e9 (\u00e9cran g\u00e9ant, syst\u00e8me son, ing\u00e9nieur lumi\u00e8re, batterie), mais aussi une vraie louange pour rendre gloire \u00e0\u00a0 Dieu !<br \/>\nThomas et Benjamin Pouzin reviennent partager avec nous non seulement leur amour de la musique pop-louange, mais aussi leur foi car ils sont heureux d&rsquo;\u00eatre chr\u00e9tiens et veulent le montrer. Au milieu du<br \/>\nconcert, ils t\u00e9moigneront de leur attachement au Christ et animeront un petit temps d&rsquo;adoration.<br \/>\nUne grande procession accompagnera le Saint-Sacrement du fond de l&rsquo;\u00e9glise pour le porter au milieu des instruments : J\u00e9sus vraiment pr\u00e9sent au coeur de cette soir\u00e9e. Ensuite, la louange reprendra toujours aussi dynamique !<br \/>\nNous sommes tous invit\u00e9s \u00e0\u00a0 r\u00e9pondre en famille \u00e0\u00a0 cette invitation :<br \/>\n<span style=\"color:red\">\u00ab Venez plonger au coeur de la louange ! \u00bb<\/span><br \/>\nRenseignements : <span style=\"color:blue\">secretariatndsf@sfr.fr<\/span><\/div>\n","protected":false},"excerpt":{"rendered":"<p>Une soir\u00e9e alliant la louange, le t\u00e9moignage et l&rsquo;adoration, ce vendredi 7 f\u00e9vrier 2014 \u00e0\u00a0 20 h \u00e0\u00a0 l&rsquo;\u00e9glise Saint-Louis : un vrai concert, dans l&rsquo;aspect technique du mat\u00e9riel d\u00e9ploy\u00e9 (\u00e9cran g\u00e9ant, syst\u00e8me son,&#46;&#46;&#46;<\/p>\n","protected":false},"author":2,"featured_media":0,"comment_status":"open","ping_status":"open","sticky":false,"template":"","format":"standard","meta":{"footnotes":""},"categories":[],"tags":[],"class_list":["post-695","post","type-post","status-publish","format-standard","hentry"],"_links":{"self":[{"href":"http:\/\/www.chapelle-crecy.com\/index.php?rest_route=\/wp\/v2\/posts\/695","targetHints":{"allow":["GET"]}}],"collection":[{"href":"http:\/\/www.chapelle-crecy.com\/index.php?rest_route=\/wp\/v2\/posts"}],"about":[{"href":"http:\/\/www.chapelle-crecy.com\/index.php?rest_route=\/wp\/v2\/types\/post"}],"author":[{"embeddable":true,"href":"http:\/\/www.chapelle-crecy.com\/index.php?rest_route=\/wp\/v2\/users\/2"}],"replies":[{"embeddable":true,"href":"http:\/\/www.chapelle-crecy.com\/index.php?rest_route=%2Fwp%2Fv2%2Fcomments&post=695"}],"version-history":[{"count":0,"href":"http:\/\/www.chapelle-crecy.com\/index.php?rest_route=\/wp\/v2\/posts\/695\/revisions"}],"wp:attachment":[{"href":"http:\/\/www.chapelle-crecy.com\/index.php?rest_route=%2Fwp%2Fv2%2Fmedia&parent=695"}],"wp:term":[{"taxonomy":"category","embeddable":true,"href":"http:\/\/www.chapelle-crecy.com\/index.php?rest_route=%2Fwp%2Fv2%2Fcategories&post=695"},{"taxonomy":"post_tag","embeddable":true,"href":"http:\/\/www.chapelle-crecy.com\/index.php?rest_route=%2Fwp%2Fv2%2Ftags&post=695"}],"curies":[{"name":"wp","href":"https:\/\/api.w.org\/{rel}","templated":true}]}}