{"id":697,"date":"2014-02-14T12:47:51","date_gmt":"2014-02-14T12:47:51","guid":{"rendered":""},"modified":"-0001-11-30T00:00:00","modified_gmt":"-0001-11-29T22:00:00","slug":"","status":"publish","type":"post","link":"http:\/\/www.chapelle-crecy.com\/?p=697","title":{"rendered":"Les confidences de Miss Cr\u00e9cy 2014"},"content":{"rendered":"<div align=\"justify\">Je m&rsquo;appelle \u00ab\u00a0Miss Cr\u00e9cy\u00a0\u00bb mais j&rsquo;habite Voulangis. C&rsquo;est en 2011 que j&rsquo;ai obtenu cette d\u00e9nomination. Et c&rsquo;est avec mes amis de la soir\u00e9e de l&rsquo;amiti\u00e9 que j&rsquo;ai voulu partager ce titre honorifique. Beaucoup de personnes ont demand\u00e9 des nouvelles de Miss Cr\u00e9cy tout le long de l&rsquo;ann\u00e9e, c&rsquo;est pourquoi je suis revenue \u00e0\u00a0 la 2e saison de la soir\u00e9e de l&rsquo;amiti\u00e9 \u00e0\u00a0 Couilly Pont aux Dames en 2012. Apr\u00e8s une ann\u00e9e sabatique, voici que j&rsquo;ai une nouvelle fois \u00ab\u00a0br\u00fbl\u00e9 les planches\u00a0\u00bb \u00e0\u00a0 Cr\u00e9cy-la-Chapelle, mais cette fois-ci avec mon \u00e9poux. C&rsquo;est un pur plaisir de pr\u00e9parer, de r\u00e9p\u00e9ter, tout cela dans le but de donner de la joie \u00e0\u00a0 nos convives. Alors \u00e0\u00a0 l&rsquo;ann\u00e9e prochaine, avec ou sans Miss Cr\u00e9cy ?<br \/>\nLaurence<\/div>\n<div align=\"center\">\n<img decoding=\"async\" src=\"\/IMG\/jpg\/sa2014\/amitie2014_01.jpg\" width=600><\/br><br \/>\n<img decoding=\"async\" src=\"\/IMG\/jpg\/sa2014\/amitie2014_04.jpg\" width=600><\/br><br \/>\n<img decoding=\"async\" src=\"\/IMG\/jpg\/sa2014\/amitie2014_10.jpg\" width=600><\/br><br \/>\n<img decoding=\"async\" src=\"\/IMG\/jpg\/sa2014\/amitie2014_08.jpg\" width=600><\/br><br \/>\n<img decoding=\"async\" src=\"\/IMG\/jpg\/sa2014\/amitie2014_13.jpg\" width=600><\/br><br \/>\n<img decoding=\"async\" src=\"\/IMG\/jpg\/sa2014\/amitie2014_25.jpg\" width=600><\/br><br \/>\n<img decoding=\"async\" src=\"\/IMG\/jpg\/sa2014\/amitie2014_12.jpg\" width=600><\/br><br \/>\n<img decoding=\"async\" src=\"\/IMG\/jpg\/sa2014\/amitie2014_15.jpg\" width=600><\/br><br \/>\n<img decoding=\"async\" src=\"\/IMG\/jpg\/sa2014\/amitie2014_02.jpg\" width=600><\/br><br \/>\n<img decoding=\"async\" src=\"\/IMG\/jpg\/sa2014\/amitie2014_06.jpg\" width=600><\/br><br \/>\n<img decoding=\"async\" src=\"\/IMG\/jpg\/sa2014\/amitie2014_07.jpg\" width=600><\/br><br \/>\n<img decoding=\"async\" src=\"\/IMG\/jpg\/sa2014\/amitie2014_22.jpg\" width=600><\/br><br \/>\n<img decoding=\"async\" src=\"\/IMG\/jpg\/sa2014\/amitie2014_14.jpg\" width=600><\/br><br \/>\n<img decoding=\"async\" src=\"\/IMG\/jpg\/sa2014\/amitie2014_23.jpg\" width=400><\/br><br \/>\n<img decoding=\"async\" src=\"\/IMG\/jpg\/sa2014\/amitie2014_24.jpg\" width=600><\/br><br \/>\n<img decoding=\"async\" src=\"\/IMG\/jpg\/sa2014\/amitie2014_16.jpg\" width=600><\/br><br \/>\n<img decoding=\"async\" src=\"\/IMG\/jpg\/sa2014\/amitie2014_18.jpg\" width=600><\/br><br \/>\n<img decoding=\"async\" src=\"\/IMG\/jpg\/sa2014\/amitie2014_05.jpg\" width=600><\/br><br \/>\n<img decoding=\"async\" src=\"\/IMG\/jpg\/sa2014\/amitie2014_09.jpg\" width=600><\/br><br \/>\n<img decoding=\"async\" src=\"\/IMG\/jpg\/sa2014\/amitie2014_11.jpg\" width=600><\/br><br \/>\n<img decoding=\"async\" src=\"\/IMG\/jpg\/sa2014\/amitie2014_17.jpg\" width=600><\/br><br \/>\n<img decoding=\"async\" src=\"\/IMG\/jpg\/sa2014\/amitie2014_20.jpg\" width=600><\/br><br \/>\n<img decoding=\"async\" src=\"\/IMG\/jpg\/sa2014\/amitie2014_21.jpg\" width=600><\/br><br \/>\n<img decoding=\"async\" src=\"\/IMG\/jpg\/sa2014\/amitie2014_26.jpg\" width=600><\/br><br \/>\n<img decoding=\"async\" src=\"\/IMG\/jpg\/sa2014\/amitie2014_03.jpg\" width=600><\/br><br \/>\n<img decoding=\"async\" src=\"\/IMG\/jpg\/sa2014\/amitie2014_27.jpg\" width=600><\/br><br \/>\n<img decoding=\"async\" src=\"\/IMG\/jpg\/sa2014\/amitie2014_19.jpg\" width=600><\/br>\n<\/div>\n","protected":false},"excerpt":{"rendered":"<p>Je m&rsquo;appelle \u00ab\u00a0Miss Cr\u00e9cy\u00a0\u00bb mais j&rsquo;habite Voulangis. C&rsquo;est en 2011 que j&rsquo;ai obtenu cette d\u00e9nomination. Et c&rsquo;est avec mes amis de la soir\u00e9e de l&rsquo;amiti\u00e9 que j&rsquo;ai voulu partager ce titre honorifique. Beaucoup de&#46;&#46;&#46;<\/p>\n","protected":false},"author":2,"featured_media":0,"comment_status":"open","ping_status":"open","sticky":false,"template":"","format":"standard","meta":{"footnotes":""},"categories":[],"tags":[],"class_list":["post-697","post","type-post","status-publish","format-standard","hentry"],"_links":{"self":[{"href":"http:\/\/www.chapelle-crecy.com\/index.php?rest_route=\/wp\/v2\/posts\/697","targetHints":{"allow":["GET"]}}],"collection":[{"href":"http:\/\/www.chapelle-crecy.com\/index.php?rest_route=\/wp\/v2\/posts"}],"about":[{"href":"http:\/\/www.chapelle-crecy.com\/index.php?rest_route=\/wp\/v2\/types\/post"}],"author":[{"embeddable":true,"href":"http:\/\/www.chapelle-crecy.com\/index.php?rest_route=\/wp\/v2\/users\/2"}],"replies":[{"embeddable":true,"href":"http:\/\/www.chapelle-crecy.com\/index.php?rest_route=%2Fwp%2Fv2%2Fcomments&post=697"}],"version-history":[{"count":0,"href":"http:\/\/www.chapelle-crecy.com\/index.php?rest_route=\/wp\/v2\/posts\/697\/revisions"}],"wp:attachment":[{"href":"http:\/\/www.chapelle-crecy.com\/index.php?rest_route=%2Fwp%2Fv2%2Fmedia&parent=697"}],"wp:term":[{"taxonomy":"category","embeddable":true,"href":"http:\/\/www.chapelle-crecy.com\/index.php?rest_route=%2Fwp%2Fv2%2Fcategories&post=697"},{"taxonomy":"post_tag","embeddable":true,"href":"http:\/\/www.chapelle-crecy.com\/index.php?rest_route=%2Fwp%2Fv2%2Ftags&post=697"}],"curies":[{"name":"wp","href":"https:\/\/api.w.org\/{rel}","templated":true}]}}