{"id":700,"date":"2014-03-01T11:21:19","date_gmt":"2014-03-01T11:21:19","guid":{"rendered":""},"modified":"-0001-11-30T00:00:00","modified_gmt":"-0001-11-29T22:00:00","slug":"","status":"publish","type":"post","link":"http:\/\/www.chapelle-crecy.com\/?p=700","title":{"rendered":"Pri\u00e8re du Pape Fran\u00e7ois"},"content":{"rendered":"<div align=justify>Il y a vingt ans, Jorge Mario Bergoglio, \u00e9v\u00eaque de Buenos-Aires et actuel pape Fran\u00e7ois, a \u00e9crit une pri\u00e8re qui est devenue tr\u00e8s populaire en Argentine. C&rsquo;est une pri\u00e8re simple qui refl\u00e8te, en fait, le caract\u00e8re et le style du saint P\u00e8re. Une pri\u00e8re \u00ab \u00e0\u00a0 port\u00e9e de la main \u00bb, une pri\u00e8re sur les doigts de la main, une pri\u00e8re universelle compl\u00e8te et riche&#8230; <\/div>\n<div align=justify>\n<p> Le pouce est le doigt le plus proche de vous. Donc, commencez par prier pour ceux qui vous sont les plus proches. Ils sont les personnes les plus susceptibles de revenir \u00e0 vos m\u00e9moires. Prier pour les gens qui nous sont chers est un \u00ab doux devoir \u00bb. Restons quelques instants en silence pour penser aux membres de nos familles, nos amis, nos proches, nos coll\u00e8gues et les personnes connues ou inconnues que nous avons crois\u00e9es en ce jour.<\/p>\n<p> Ensuite l&rsquo;index. Priez pour ceux qui enseignent, ceux qui s&rsquo;occupent de l&rsquo;\u00e9ducation et des soins m\u00e9dicaux : pour les enseignants, les professeurs, les m\u00e9decins et les pr\u00eatres, les cat\u00e9chistes. Ils ont besoin de soutien et de sagesse afin qu&rsquo;ils puissent montrer le droit chemin aux autres. Ne les oubliez pas dans vos pri\u00e8res. Arr\u00eatons-nous un moment pour m\u00e9diter sur l&rsquo;importance de l&rsquo;enseignement de la petite enfance jusqu&rsquo;\u00e0 l&rsquo;\u00e2ge adulte et sur l&rsquo;int\u00e9r\u00eat de soins de sant\u00e9 de qualit\u00e9 prodigu\u00e9s respectivement par un corps professoral et m\u00e9dical motiv\u00e9s.<\/p>\n<p> Le doigt qui suit est le majeur, le plus long. Il nous rappelle nos gouvernants. Priez pour le pr\u00e9sident, pour les d\u00e9put\u00e9s, pour les entrepreneurs et pour les administrateurs. Ce sont eux qui dirigent le destin de notre pays et sont charg\u00e9s de guider l&rsquo;opinion publique. Ils ont besoin de l&rsquo;aide de Dieu. Attardons-nous un peu sur tous les types de dirigeants \u00e0 tous les niveaux que ce soit la politique avec les pouvoirs l\u00e9gislatif et ex\u00e9cutif, la magistrature avec le pouvoir judiciaire, l&rsquo;\u00e9conomie avec les chefs d&rsquo;entreprise, la presse, les dignitaires spirituels.<\/p>\n<p> Le quatri\u00e8me doigt est l&rsquo;annulaire. Bien que cela puisse surprendre la plupart des gens, c&rsquo;est notre doigt le plus faible, et tout professeur de piano peut le confirmer. Vous devez vous rappeler de prier pour les faibles, pour ceux qui ont beaucoup de probl\u00e8mes \u00e0 r\u00e9soudre ou qui sont \u00e9prouv\u00e9s par la maladie. Ils ont besoin de vos pri\u00e8res jour et nuit. Il n&rsquo;y aura<br \/>\njamais trop de pri\u00e8res pour ces personnes. Nous sommes aussi invit\u00e9s \u00e0 prier pour les mariages. A pr\u00e9sent, prions pour les personnes en position de faiblesse : les malades, les personnes handicap\u00e9es, les personnes mutil\u00e9es, abandonn\u00e9es, rejet\u00e9es, exclues, humili\u00e9es, endeuill\u00e9es, les marginaux, les victimes en tout genre, les sinistr\u00e9s, les accident\u00e9s. Ceux et celles qui doivent se reconstruire apr\u00e8s un traumatisme. Etant donn\u00e9 que l&rsquo;annulaire est le doigt de l&rsquo;alliance, demandons \u00e9galement au Seigneur de prot\u00e9ger les couples unis par le mariage.<\/p>\n<p> Et enfin, il y a notre auriculaire, le plus petit de tous les doigts, aussi petit que nous devons nous tenir devant Dieu et devant les autres. Comme le dit la Bible, \u00ab les derniers seront les premiers \u00bb. Le petit doigt est l\u00e0 pour vous rappeler que vous devez prier pour vous-m\u00eame. Ce n&rsquo;est que lorsque vous avez pri\u00e9 pour les quatre autres groupes, que vous pourrez le faire pour vous, en toute confiance. Enfin, m\u00eame si Dieu \u00ab votre P\u00e8re sait bien ce qu&rsquo;il vous faut, avant que vous le lui demandiez \u00bb (Mt 6,8), vous pouvez maintenant lui demander dans votre for int\u00e9rieur de subvenir \u00e0 vos besoins spirituels et mat\u00e9riels et si c&rsquo;est conforme \u00e0 sa volont\u00e9 et \u00e0 son plan d&rsquo;amour sur vous, il vous l&rsquo;accordera dans son infinie mis\u00e9ricorde.<\/p><\/div>\n","protected":false},"excerpt":{"rendered":"<p>Il y a vingt ans, Jorge Mario Bergoglio, \u00e9v\u00eaque de Buenos-Aires et actuel pape Fran\u00e7ois, a \u00e9crit une pri\u00e8re qui est devenue tr\u00e8s populaire en Argentine. C&rsquo;est une pri\u00e8re simple qui refl\u00e8te, en fait,&#46;&#46;&#46;<\/p>\n","protected":false},"author":2,"featured_media":0,"comment_status":"open","ping_status":"open","sticky":false,"template":"","format":"standard","meta":{"footnotes":""},"categories":[],"tags":[],"class_list":["post-700","post","type-post","status-publish","format-standard","hentry"],"_links":{"self":[{"href":"http:\/\/www.chapelle-crecy.com\/index.php?rest_route=\/wp\/v2\/posts\/700","targetHints":{"allow":["GET"]}}],"collection":[{"href":"http:\/\/www.chapelle-crecy.com\/index.php?rest_route=\/wp\/v2\/posts"}],"about":[{"href":"http:\/\/www.chapelle-crecy.com\/index.php?rest_route=\/wp\/v2\/types\/post"}],"author":[{"embeddable":true,"href":"http:\/\/www.chapelle-crecy.com\/index.php?rest_route=\/wp\/v2\/users\/2"}],"replies":[{"embeddable":true,"href":"http:\/\/www.chapelle-crecy.com\/index.php?rest_route=%2Fwp%2Fv2%2Fcomments&post=700"}],"version-history":[{"count":0,"href":"http:\/\/www.chapelle-crecy.com\/index.php?rest_route=\/wp\/v2\/posts\/700\/revisions"}],"wp:attachment":[{"href":"http:\/\/www.chapelle-crecy.com\/index.php?rest_route=%2Fwp%2Fv2%2Fmedia&parent=700"}],"wp:term":[{"taxonomy":"category","embeddable":true,"href":"http:\/\/www.chapelle-crecy.com\/index.php?rest_route=%2Fwp%2Fv2%2Fcategories&post=700"},{"taxonomy":"post_tag","embeddable":true,"href":"http:\/\/www.chapelle-crecy.com\/index.php?rest_route=%2Fwp%2Fv2%2Ftags&post=700"}],"curies":[{"name":"wp","href":"https:\/\/api.w.org\/{rel}","templated":true}]}}